{"id":1210,"date":"2026-02-03T15:15:00","date_gmt":"2026-02-03T15:15:00","guid":{"rendered":"https:\/\/oliviermetellus.fr\/?p=1210"},"modified":"2026-03-07T15:27:43","modified_gmt":"2026-03-07T15:27:43","slug":"poetes-en-resonances","status":"publish","type":"post","link":"https:\/\/oliviermetellus.fr\/index.php\/2026\/02\/03\/poetes-en-resonances\/","title":{"rendered":"Edouard Glissant"},"content":{"rendered":"\n<div style=\"height:100px\" aria-hidden=\"true\" class=\"wp-block-spacer\"><\/div>\n\n\n\n<p>Se souvenir d\u2019\u00c9douard Glissant, c\u2019est saluer une voix majeure ; une voix qui, par bien des aspects, dialogue encore avec celle de Jean M\u00e9tellus.<\/p>\n\n\n\n<figure class=\"wp-block-image size-large\"><img loading=\"lazy\" decoding=\"async\" width=\"1016\" height=\"1024\" src=\"https:\/\/oliviermetellus.fr\/wp-content\/uploads\/2026\/03\/Edouard_Glissant-1016x1024.jpg\" alt=\"\" class=\"wp-image-1211\" srcset=\"https:\/\/oliviermetellus.fr\/wp-content\/uploads\/2026\/03\/Edouard_Glissant-1016x1024.jpg 1016w, https:\/\/oliviermetellus.fr\/wp-content\/uploads\/2026\/03\/Edouard_Glissant-298x300.jpg 298w, https:\/\/oliviermetellus.fr\/wp-content\/uploads\/2026\/03\/Edouard_Glissant-150x150.jpg 150w, https:\/\/oliviermetellus.fr\/wp-content\/uploads\/2026\/03\/Edouard_Glissant-768x774.jpg 768w, https:\/\/oliviermetellus.fr\/wp-content\/uploads\/2026\/03\/Edouard_Glissant.jpg 1078w\" sizes=\"auto, (max-width: 1016px) 100vw, 1016px\" \/><\/figure>\n\n\n\n<div style=\"height:100px\" aria-hidden=\"true\" class=\"wp-block-spacer\"><\/div>\n\n\n\n<div class=\"wp-block-group is-layout-flow wp-block-group-is-layout-flow\">\n<div class=\"wp-block-buttons is-content-justification-center is-layout-flex wp-container-core-buttons-is-layout-a89b3969 wp-block-buttons-is-layout-flex\">\n<div class=\"wp-block-button is-style-fill\"><a class=\"wp-block-button__link has-custom-blanc-color has-custom-bleu-accent-cta-background-color has-text-color has-background has-link-color wp-element-button\" href=\"https:\/\/oliviermetellus.fr\/wp-content\/uploads\/2026\/03\/Article_Glissant.png\" target=\"_blank\" rel=\"noreferrer noopener\">Capture du post (LinkedIn)<\/a><\/div>\n\n\n\n<div class=\"wp-block-button is-style-fill\"><a class=\"wp-block-button__link has-custom-blanc-color has-custom-bleu-accent-cta-background-color has-text-color has-background has-link-color wp-element-button\" href=\"https:\/\/www.linkedin.com\/posts\/ometellus_ll-y-a-15-ans-disparaissait-le-3-f%C3%A9vrier-activity-7425089568279785472-JXrc?utm_source=share&amp;utm_medium=member_desktop&amp;rcm=ACoAAB1rRbkBBOhKItopdrjIIEc8Cn01a3Gmur8\" target=\"_blank\" rel=\"noreferrer noopener\">Voir sur linkedin<\/a><\/div>\n<\/div>\n<\/div>\n","protected":false},"excerpt":{"rendered":"<p>En rendant hommage \u00e0 \u00c9douard Glissant, c\u2019est aussi une certaine id\u00e9e de la relation, du langage et du monde que Jean M\u00e9tellus nous aide \u00e0 continuer de faire vivre.<\/p>\n","protected":false},"author":1,"featured_media":1211,"comment_status":"closed","ping_status":"open","sticky":false,"template":"","format":"standard","meta":{"footnotes":""},"categories":[59],"tags":[],"class_list":["post-1210","post","type-post","status-publish","format-standard","has-post-thumbnail","hentry","category-presences-dialogues"],"_links":{"self":[{"href":"https:\/\/oliviermetellus.fr\/index.php\/wp-json\/wp\/v2\/posts\/1210","targetHints":{"allow":["GET"]}}],"collection":[{"href":"https:\/\/oliviermetellus.fr\/index.php\/wp-json\/wp\/v2\/posts"}],"about":[{"href":"https:\/\/oliviermetellus.fr\/index.php\/wp-json\/wp\/v2\/types\/post"}],"author":[{"embeddable":true,"href":"https:\/\/oliviermetellus.fr\/index.php\/wp-json\/wp\/v2\/users\/1"}],"replies":[{"embeddable":true,"href":"https:\/\/oliviermetellus.fr\/index.php\/wp-json\/wp\/v2\/comments?post=1210"}],"version-history":[{"count":4,"href":"https:\/\/oliviermetellus.fr\/index.php\/wp-json\/wp\/v2\/posts\/1210\/revisions"}],"predecessor-version":[{"id":1225,"href":"https:\/\/oliviermetellus.fr\/index.php\/wp-json\/wp\/v2\/posts\/1210\/revisions\/1225"}],"wp:featuredmedia":[{"embeddable":true,"href":"https:\/\/oliviermetellus.fr\/index.php\/wp-json\/wp\/v2\/media\/1211"}],"wp:attachment":[{"href":"https:\/\/oliviermetellus.fr\/index.php\/wp-json\/wp\/v2\/media?parent=1210"}],"wp:term":[{"taxonomy":"category","embeddable":true,"href":"https:\/\/oliviermetellus.fr\/index.php\/wp-json\/wp\/v2\/categories?post=1210"},{"taxonomy":"post_tag","embeddable":true,"href":"https:\/\/oliviermetellus.fr\/index.php\/wp-json\/wp\/v2\/tags?post=1210"}],"curies":[{"name":"wp","href":"https:\/\/api.w.org\/{rel}","templated":true}]}}