{"id":1228,"date":"2026-01-31T15:43:00","date_gmt":"2026-01-31T15:43:00","guid":{"rendered":"https:\/\/oliviermetellus.fr\/?p=1228"},"modified":"2026-03-09T09:14:43","modified_gmt":"2026-03-09T09:14:43","slug":"poetes-en-resonances-janvier2026","status":"publish","type":"post","link":"https:\/\/oliviermetellus.fr\/index.php\/2026\/01\/31\/poetes-en-resonances-janvier2026\/","title":{"rendered":"Po\u00e8tes en R\u00e9sonances &#8211; janvier 2026"},"content":{"rendered":"\n<div style=\"height:100px\" aria-hidden=\"true\" class=\"wp-block-spacer\"><\/div>\n\n\n\n<figure class=\"wp-block-image aligncenter size-medium\"><img loading=\"lazy\" decoding=\"async\" width=\"300\" height=\"225\" src=\"https:\/\/oliviermetellus.fr\/wp-content\/uploads\/2026\/03\/Dalembert_OlivierMetellus-300x225.jpg\" alt=\"\" class=\"wp-image-1229\" srcset=\"https:\/\/oliviermetellus.fr\/wp-content\/uploads\/2026\/03\/Dalembert_OlivierMetellus-300x225.jpg 300w, https:\/\/oliviermetellus.fr\/wp-content\/uploads\/2026\/03\/Dalembert_OlivierMetellus-1024x768.jpg 1024w, https:\/\/oliviermetellus.fr\/wp-content\/uploads\/2026\/03\/Dalembert_OlivierMetellus-768x576.jpg 768w, https:\/\/oliviermetellus.fr\/wp-content\/uploads\/2026\/03\/Dalembert_OlivierMetellus-1536x1152.jpg 1536w, https:\/\/oliviermetellus.fr\/wp-content\/uploads\/2026\/03\/Dalembert_OlivierMetellus-2048x1536.jpg 2048w\" sizes=\"auto, (max-width: 300px) 100vw, 300px\" \/><\/figure>\n\n\n\n<p>\u00c0 Po\u00e8tes en R\u00e9sonances, la po\u00e9sie a dessin\u00e9 un bel espace de transmission entre voix confirm\u00e9es, jeunes talents et dialogue des cultures.<\/p>\n\n\n\n<p>Avec : <strong>Louis-Philippe Dalembert<\/strong>, <strong>Laura Lutard<\/strong> et <strong>Milad Mohammadi<\/strong> <\/p>\n\n\n\n<p><\/p>\n\n\n\n<figure class=\"wp-block-gallery has-nested-images columns-4 wp-block-gallery-1 is-layout-flex wp-block-gallery-is-layout-flex\">\n<figure class=\"wp-block-image size-medium\"><img loading=\"lazy\" decoding=\"async\" width=\"300\" height=\"225\" data-id=\"1229\" src=\"https:\/\/oliviermetellus.fr\/wp-content\/uploads\/2026\/03\/Dalembert_OlivierMetellus-300x225.jpg\" alt=\"\" class=\"wp-image-1229\" srcset=\"https:\/\/oliviermetellus.fr\/wp-content\/uploads\/2026\/03\/Dalembert_OlivierMetellus-300x225.jpg 300w, https:\/\/oliviermetellus.fr\/wp-content\/uploads\/2026\/03\/Dalembert_OlivierMetellus-1024x768.jpg 1024w, https:\/\/oliviermetellus.fr\/wp-content\/uploads\/2026\/03\/Dalembert_OlivierMetellus-768x576.jpg 768w, https:\/\/oliviermetellus.fr\/wp-content\/uploads\/2026\/03\/Dalembert_OlivierMetellus-1536x1152.jpg 1536w, https:\/\/oliviermetellus.fr\/wp-content\/uploads\/2026\/03\/Dalembert_OlivierMetellus-2048x1536.jpg 2048w\" sizes=\"auto, (max-width: 300px) 100vw, 300px\" \/><\/figure>\n\n\n\n<figure class=\"wp-block-image size-medium\"><img loading=\"lazy\" decoding=\"async\" width=\"300\" height=\"225\" data-id=\"1231\" src=\"https:\/\/oliviermetellus.fr\/wp-content\/uploads\/2026\/03\/Les-3--300x225.jpg\" alt=\"\" class=\"wp-image-1231\" srcset=\"https:\/\/oliviermetellus.fr\/wp-content\/uploads\/2026\/03\/Les-3--300x225.jpg 300w, https:\/\/oliviermetellus.fr\/wp-content\/uploads\/2026\/03\/Les-3--1024x768.jpg 1024w, https:\/\/oliviermetellus.fr\/wp-content\/uploads\/2026\/03\/Les-3--768x576.jpg 768w, https:\/\/oliviermetellus.fr\/wp-content\/uploads\/2026\/03\/Les-3--1536x1152.jpg 1536w, https:\/\/oliviermetellus.fr\/wp-content\/uploads\/2026\/03\/Les-3--2048x1536.jpg 2048w\" sizes=\"auto, (max-width: 300px) 100vw, 300px\" \/><\/figure>\n\n\n\n<figure class=\"wp-block-image size-medium\"><img loading=\"lazy\" decoding=\"async\" width=\"300\" height=\"225\" data-id=\"1235\" src=\"https:\/\/oliviermetellus.fr\/wp-content\/uploads\/2026\/03\/Laura-Lutard--300x225.jpg\" alt=\"\" class=\"wp-image-1235\" srcset=\"https:\/\/oliviermetellus.fr\/wp-content\/uploads\/2026\/03\/Laura-Lutard--300x225.jpg 300w, https:\/\/oliviermetellus.fr\/wp-content\/uploads\/2026\/03\/Laura-Lutard--1024x768.jpg 1024w, https:\/\/oliviermetellus.fr\/wp-content\/uploads\/2026\/03\/Laura-Lutard--768x576.jpg 768w, https:\/\/oliviermetellus.fr\/wp-content\/uploads\/2026\/03\/Laura-Lutard--1536x1152.jpg 1536w, https:\/\/oliviermetellus.fr\/wp-content\/uploads\/2026\/03\/Laura-Lutard--2048x1536.jpg 2048w\" sizes=\"auto, (max-width: 300px) 100vw, 300px\" \/><\/figure>\n\n\n\n<figure class=\"wp-block-image size-medium\"><img loading=\"lazy\" decoding=\"async\" width=\"300\" height=\"225\" data-id=\"1236\" src=\"https:\/\/oliviermetellus.fr\/wp-content\/uploads\/2026\/03\/Dalembert_Mohammadi-300x225.jpeg\" alt=\"\" class=\"wp-image-1236\" srcset=\"https:\/\/oliviermetellus.fr\/wp-content\/uploads\/2026\/03\/Dalembert_Mohammadi-300x225.jpeg 300w, https:\/\/oliviermetellus.fr\/wp-content\/uploads\/2026\/03\/Dalembert_Mohammadi-1024x768.jpeg 1024w, https:\/\/oliviermetellus.fr\/wp-content\/uploads\/2026\/03\/Dalembert_Mohammadi-768x576.jpeg 768w, https:\/\/oliviermetellus.fr\/wp-content\/uploads\/2026\/03\/Dalembert_Mohammadi-1536x1152.jpeg 1536w, https:\/\/oliviermetellus.fr\/wp-content\/uploads\/2026\/03\/Dalembert_Mohammadi-2048x1536.jpeg 2048w\" sizes=\"auto, (max-width: 300px) 100vw, 300px\" \/><\/figure>\n<\/figure>\n\n\n\n<div style=\"height:100px\" aria-hidden=\"true\" class=\"wp-block-spacer\"><\/div>\n\n\n\n<div class=\"wp-block-group is-layout-flow wp-block-group-is-layout-flow\">\n<div class=\"wp-block-buttons is-content-justification-center is-layout-flex wp-container-core-buttons-is-layout-a89b3969 wp-block-buttons-is-layout-flex\">\n<div class=\"wp-block-button is-style-fill\"><a class=\"wp-block-button__link has-custom-blanc-color has-custom-bleu-accent-cta-background-color has-text-color has-background has-link-color wp-element-button\" href=\"https:\/\/oliviermetellus.fr\/wp-content\/uploads\/2026\/03\/Article_LinkedIn_PoetesJenvier.png\" target=\"_blank\" rel=\"noreferrer noopener\">Capture du post (LinkedIn)<\/a><\/div>\n\n\n\n<div class=\"wp-block-button is-style-fill\"><a class=\"wp-block-button__link has-custom-blanc-color has-custom-bleu-accent-cta-background-color has-text-color has-background has-link-color wp-element-button\" href=\"https:\/\/www.linkedin.com\/posts\/ometellus_po%C3%A8tes-en-r%C3%A9sonances-activity-7424159655070773249-UGLN?utm_source=share&amp;utm_medium=member_desktop&amp;rcm=ACoAAB1rRbkBBOhKItopdrjIIEc8Cn01a3Gmur8\" target=\"_blank\" rel=\"noreferrer noopener\">Voir sur linkedin<\/a><\/div>\n<\/div>\n<\/div>\n","protected":false},"excerpt":{"rendered":"<p>Lors de la soir\u00e9e Po\u00e8tes en R\u00e9sonances, la francophonie dans ce qu\u2019elle a de plus vivant : des voix, des g\u00e9n\u00e9rations, des langues et des passages.<\/p>\n","protected":false},"author":1,"featured_media":1231,"comment_status":"closed","ping_status":"open","sticky":false,"template":"","format":"standard","meta":{"footnotes":""},"categories":[59],"tags":[],"class_list":["post-1228","post","type-post","status-publish","format-standard","has-post-thumbnail","hentry","category-presences-dialogues"],"_links":{"self":[{"href":"https:\/\/oliviermetellus.fr\/index.php\/wp-json\/wp\/v2\/posts\/1228","targetHints":{"allow":["GET"]}}],"collection":[{"href":"https:\/\/oliviermetellus.fr\/index.php\/wp-json\/wp\/v2\/posts"}],"about":[{"href":"https:\/\/oliviermetellus.fr\/index.php\/wp-json\/wp\/v2\/types\/post"}],"author":[{"embeddable":true,"href":"https:\/\/oliviermetellus.fr\/index.php\/wp-json\/wp\/v2\/users\/1"}],"replies":[{"embeddable":true,"href":"https:\/\/oliviermetellus.fr\/index.php\/wp-json\/wp\/v2\/comments?post=1228"}],"version-history":[{"count":7,"href":"https:\/\/oliviermetellus.fr\/index.php\/wp-json\/wp\/v2\/posts\/1228\/revisions"}],"predecessor-version":[{"id":1305,"href":"https:\/\/oliviermetellus.fr\/index.php\/wp-json\/wp\/v2\/posts\/1228\/revisions\/1305"}],"wp:featuredmedia":[{"embeddable":true,"href":"https:\/\/oliviermetellus.fr\/index.php\/wp-json\/wp\/v2\/media\/1231"}],"wp:attachment":[{"href":"https:\/\/oliviermetellus.fr\/index.php\/wp-json\/wp\/v2\/media?parent=1228"}],"wp:term":[{"taxonomy":"category","embeddable":true,"href":"https:\/\/oliviermetellus.fr\/index.php\/wp-json\/wp\/v2\/categories?post=1228"},{"taxonomy":"post_tag","embeddable":true,"href":"https:\/\/oliviermetellus.fr\/index.php\/wp-json\/wp\/v2\/tags?post=1228"}],"curies":[{"name":"wp","href":"https:\/\/api.w.org\/{rel}","templated":true}]}}