{"id":1347,"date":"2026-03-13T14:01:47","date_gmt":"2026-03-13T14:01:47","guid":{"rendered":"https:\/\/oliviermetellus.fr\/?p=1347"},"modified":"2026-03-15T08:24:19","modified_gmt":"2026-03-15T08:24:19","slug":"prolongement-ia","status":"publish","type":"post","link":"https:\/\/oliviermetellus.fr\/index.php\/2026\/03\/13\/prolongement-ia\/","title":{"rendered":"Prolongement IA"},"content":{"rendered":"\n<p class=\"has-text-align-right\"><a href=\"https:\/\/oliviermetellus.fr\/index.php\/cycle-ia-litterature\/\" data-type=\"link\" data-id=\"https:\/\/oliviermetellus.fr\/index.php\/cycle-ia-litterature\/\">Retour Cycle IA &amp; Litt\u00e9rature<\/a><\/p>\n\n\n\n<div class=\"wp-block-group alignwide is-layout-flow wp-block-group-is-layout-flow\">\n<p>Cette page rassemble l\u2019ensemble des contenus du site consacr\u00e9s \u00e0 l\u2019intelligence artificielle.<br>Articles, analyses, projets, agendas, retours d\u2019exp\u00e9rience et prises de position y sont r\u00e9unis pour suivre, comprendre et interroger les transformations en cours.<br>Entre innovation, cr\u00e9ation, transmission et vigilance, l\u2019IA y est abord\u00e9e comme un sujet de fond.<\/p>\n<\/div>\n\n\n\n<div class=\"wp-block-group alignwide is-layout-flow wp-block-group-is-layout-flow\">\n<div class=\"wp-block-query is-layout-flow wp-block-query-is-layout-flow\"><ul class=\"wp-block-post-template is-layout-flow wp-block-post-template-is-layout-flow\"><li class=\"wp-block-post post-532 post type-post status-publish format-standard hentry category-actualites category-publication-tribunes tag-ia tag-litterature-transmission\">\n<h2 class=\"wp-block-post-title\"><a href=\"https:\/\/oliviermetellus.fr\/index.php\/2025\/12\/26\/hugo-descartes-ia-ce-que-le-debat-oblige-a-penser\/\" target=\"_self\" >Hugo, Descartes, IA : ce que le d\u00e9bat oblige \u00e0 penser<\/a><\/h2>\n\n<div class=\"wp-block-post-excerpt\"><p class=\"wp-block-post-excerpt__excerpt\">Dans nos \u00e9changes \u201cIA &#038; litt\u00e9rature\u201d du 15 d\u00e9cembre 2025 \u00e0 la Maison de l&rsquo;Am\u00e9rique Latine, deux moments m\u2019ont marqu\u00e9 : un vers de Victor Hugo et un d\u00e9tour par Descartes, les deux propos\u00e9s par le philosophe Castel Jean. \u00c0 chaque fois, la m\u00eame exigence : distinguer ce que l\u2019IA sait faire tr\u00e8s bien\u2026 et\u2026 <\/p><\/div>\n<\/li><li class=\"wp-block-post post-524 post type-post status-publish format-standard hentry category-actualites category-interventions-conferences tag-aajm tag-ia tag-litterature tag-maison-de-lamerique-latine\">\n<h2 class=\"wp-block-post-title\"><a href=\"https:\/\/oliviermetellus.fr\/index.php\/2025\/12\/20\/ia-litterature-horizons-du-regard-francophone-maison-de-lamerique-latine-15-12-2025\/\" target=\"_self\" >IA &amp; litt\u00e9rature \u2014 \u201cHorizons du regard francophone\u201d (Maison de l\u2019Am\u00e9rique Latine)<\/a><\/h2>\n\n<div class=\"wp-block-post-excerpt\"><p class=\"wp-block-post-excerpt__excerpt\">Rencontre consacr\u00e9e aux liens entre l&rsquo;IA g\u00e9n\u00e9rative et la litt\u00e9rature, \u00e0 travers l\u2019h\u00e9ritage de Jean M\u00e9tellus, \u00e0 la Maison de l\u2019Am\u00e9rique Latine (Paris 7e). J\u2019en ai assur\u00e9 l\u2019organisation, la mod\u00e9ration et l\u2019introduction. Rep\u00e8res Intervenants Liens <\/p><\/div>\n<\/li><li class=\"wp-block-post post-530 post type-post status-publish format-standard hentry category-publication-tribunes tag-ia tag-litterature-transmission\">\n<h2 class=\"wp-block-post-title\"><a href=\"https:\/\/oliviermetellus.fr\/index.php\/2025\/12\/15\/ia-litterature-ce-que-jen-retiens-horizons-du-regard-francophone-15-12-2025\/\" target=\"_self\" >IA &amp; litt\u00e9rature : ce que j\u2019en retiens \u2014 \u201cHorizons du regard francophone\u201d<\/a><\/h2>\n\n<div class=\"wp-block-post-excerpt\"><p class=\"wp-block-post-excerpt__excerpt\">\u00c0 la Maison de l\u2019Am\u00e9rique Latine, le 15 d\u00e9cembre 2025, j\u2019ai organis\u00e9, introduit et mod\u00e9r\u00e9 une rencontre consacr\u00e9e aux liens entre intelligence artificielle et litt\u00e9rature.Voici, \u00e0 chaud, quelques \u00e9l\u00e9ments structurants pour penser la suite. Informations cl\u00e9s L\u2019IA acc\u00e9l\u00e8re \u2014 mais n\u2019exon\u00e8re pas de l\u2019exigence L\u2019outil peut aider, ouvrir des pistes, proposer des formulations. Mais il\u2026 <\/p><\/div>\n<\/li><li class=\"wp-block-post post-516 post type-post status-publish format-standard hentry category-agenda-annonces tag-ia\">\n<h2 class=\"wp-block-post-title\"><a href=\"https:\/\/oliviermetellus.fr\/index.php\/2025\/12\/15\/ia-litterature-horizons-du-regard-francophone\/\" target=\"_self\" >IA &amp; litt\u00e9rature \u2014 \u201cHorizons du regard francophone\u201d<\/a><\/h2>\n\n<div class=\"wp-block-post-excerpt\"><p class=\"wp-block-post-excerpt__excerpt\">Le lundi 15 d\u00e9cembre 2025, la Maison de l\u2019Am\u00e9rique Latine (Paris 7e) a accueilli la rencontre \u201cIntelligence Artificielle et Litt\u00e9rature : horizons du regard francophone, \u00e0 travers l\u2019h\u00e9ritage de Jean M\u00e9tellus\u201d. J\u2019en ai assur\u00e9 l\u2019organisation, la mod\u00e9ration et l\u2019introduction, dans une logique de dialogue entre disciplines et de transmission. Rep\u00e8res Intervenants Volet IA Volet litt\u00e9rature\u2026 <\/p><\/div>\n<\/li><\/ul>\n\n\n\n<\/div>\n<\/div>\n","protected":false},"excerpt":{"rendered":"<p>Retour Cycle IA &amp; Litt\u00e9rature Cette page rassemble l\u2019ensemble des contenus du site consacr\u00e9s \u00e0 l\u2019intelligence artificielle.Articles, analyses, projets, agendas, retours d\u2019exp\u00e9rience et prises de position y sont r\u00e9unis pour suivre, comprendre et interroger les transformations en cours.Entre innovation, cr\u00e9ation, transmission et vigilance, l\u2019IA y est abord\u00e9e comme un sujet de fond.<\/p>\n","protected":false},"author":1,"featured_media":0,"comment_status":"closed","ping_status":"open","sticky":false,"template":"","format":"standard","meta":{"footnotes":""},"categories":[60],"tags":[],"class_list":["post-1347","post","type-post","status-publish","format-standard","hentry","category-boucle"],"_links":{"self":[{"href":"https:\/\/oliviermetellus.fr\/index.php\/wp-json\/wp\/v2\/posts\/1347","targetHints":{"allow":["GET"]}}],"collection":[{"href":"https:\/\/oliviermetellus.fr\/index.php\/wp-json\/wp\/v2\/posts"}],"about":[{"href":"https:\/\/oliviermetellus.fr\/index.php\/wp-json\/wp\/v2\/types\/post"}],"author":[{"embeddable":true,"href":"https:\/\/oliviermetellus.fr\/index.php\/wp-json\/wp\/v2\/users\/1"}],"replies":[{"embeddable":true,"href":"https:\/\/oliviermetellus.fr\/index.php\/wp-json\/wp\/v2\/comments?post=1347"}],"version-history":[{"count":4,"href":"https:\/\/oliviermetellus.fr\/index.php\/wp-json\/wp\/v2\/posts\/1347\/revisions"}],"predecessor-version":[{"id":1419,"href":"https:\/\/oliviermetellus.fr\/index.php\/wp-json\/wp\/v2\/posts\/1347\/revisions\/1419"}],"wp:attachment":[{"href":"https:\/\/oliviermetellus.fr\/index.php\/wp-json\/wp\/v2\/media?parent=1347"}],"wp:term":[{"taxonomy":"category","embeddable":true,"href":"https:\/\/oliviermetellus.fr\/index.php\/wp-json\/wp\/v2\/categories?post=1347"},{"taxonomy":"post_tag","embeddable":true,"href":"https:\/\/oliviermetellus.fr\/index.php\/wp-json\/wp\/v2\/tags?post=1347"}],"curies":[{"name":"wp","href":"https:\/\/api.w.org\/{rel}","templated":true}]}}