{"id":1438,"date":"2026-03-27T18:17:11","date_gmt":"2026-03-27T18:17:11","guid":{"rendered":"https:\/\/oliviermetellus.fr\/?p=1438"},"modified":"2026-04-02T15:19:15","modified_gmt":"2026-04-02T15:19:15","slug":"deloquentia-jacmel-a-paris-quelques-jours-daccueil-de-rencontres-et-de-passerelles","status":"publish","type":"post","link":"https:\/\/oliviermetellus.fr\/index.php\/2026\/03\/27\/deloquentia-jacmel-a-paris-quelques-jours-daccueil-de-rencontres-et-de-passerelles\/","title":{"rendered":"Maison de l\u2019Am\u00e9rique latine : une causerie sur le rayonnement de la culture ha\u00eftienne en France"},"content":{"rendered":"\n<div class=\"wp-block-group is-layout-flow wp-block-group-is-layout-flow\">\n<p>Le 27 mars 2026, j\u2019ai eu le plaisir d\u2019intervenir \u00e0 la Maison de l\u2019Am\u00e9rique latine, \u00e0 l\u2019invitation du Cercle Dumas Ha\u00efti-France, dans le cadre d\u2019une causerie consacr\u00e9e \u00e0 un sujet essentiel : <em>la culture ha\u00eftienne, vecteur de rayonnement et d\u2019influence en France<\/em>.<\/p>\n\n\n\n<p>Cette rencontre a \u00e9t\u00e9 l\u2019occasion de partager une conviction simple : le rayonnement culturel repose d\u2019abord sur des ponts. Des ponts entre les disciplines, entre les g\u00e9n\u00e9rations, entre Ha\u00efti, la France et l\u2019espace francophone. La culture ha\u00eftienne porte en elle cette capacit\u00e9 particuli\u00e8re \u00e0 faire dialoguer la litt\u00e9rature, la musique, la m\u00e9moire, l\u2019oralit\u00e9 et la cr\u00e9ation contemporaine. C\u2019est aussi ce qui lui donne sa force de pr\u00e9sence et sa capacit\u00e9 d\u2019influence.<\/p>\n\n\n\n<p>J\u2019ai \u00e9galement rappel\u00e9 combien il est n\u00e9cessaire de d\u00e9passer les clich\u00e9s qui r\u00e9duisent encore trop souvent Ha\u00efti \u00e0 quelques images simplificatrices. La culture ha\u00eftienne est un patrimoine vivant, dense, savant, populaire, cr\u00e9atif, qui m\u00e9rite d\u2019\u00eatre mieux connu, mieux lu et mieux transmis. Son influence ne se limite ni \u00e0 quelques figures ni \u00e0 quelques registres : elle se manifeste dans la litt\u00e9rature, la musique, l\u2019histoire, la parole publique et les formes nouvelles de m\u00e9diation culturelle.<\/p>\n\n\n\n<p>Au fil des \u00e9changes, j\u2019ai insist\u00e9 sur le r\u00f4le des nouvelles g\u00e9n\u00e9rations, de la diaspora et des acteurs num\u00e9riques, qui contribuent aujourd\u2019hui \u00e0 rapprocher les publics, \u00e0 rendre Ha\u00efti plus proche et plus lisible, et \u00e0 ouvrir de nouveaux espaces de transmission. J\u2019ai aussi d\u00e9fendu l\u2019id\u00e9e que la litt\u00e9rature ha\u00eftienne demeure l\u2019un des leviers les plus solides, les plus nobles et les plus durables de cette influence culturelle, \u00e0 condition de continuer \u00e0 l\u2019enseigner, \u00e0 la faire circuler et \u00e0 l\u2019inscrire dans des projets concrets.<\/p>\n\n\n\n<p>Je remercie chaleureusement les organisateurs de cette soir\u00e9e pour leur accueil et la qualit\u00e9 des \u00e9changes, ainsi que les autres intervenants et le public pr\u00e9sent dans ce lieu si symbolique qu\u2019est la Maison de l\u2019Am\u00e9rique latine. Ces conversations sont utiles : elles permettent non seulement de mieux faire conna\u00eetre la culture ha\u00eftienne, mais aussi de penser, ensemble, les formes nouvelles de son rayonnement en France.<\/p>\n\n\n\n<p><strong>\u00c0 lire <\/strong>sur le web<\/p>\n\n\n\n<ul class=\"wp-block-list\">\n<li><a href=\"https:\/\/www.linkedin.com\/posts\/ometellus_haaefti-france-francophonie-activity-7442147965672153088-mkDg?utm_source=share&amp;utm_medium=member_desktop&amp;rcm=ACoAAB1rRbkBBOhKItopdrjIIEc8Cn01a3Gmur8\" data-type=\"link\" data-id=\"https:\/\/www.linkedin.com\/posts\/ometellus_il-y-a-des-moments-o%C3%B9-les-convictions-prennent-activity-7440068262966685698-rqtO?utm_source=share&amp;utm_medium=member_desktop&amp;rcm=ACoAAB1rRbkBBOhKItopdrjIIEc8Cn01a3Gmur8\" target=\"_blank\" rel=\"noreferrer noopener\">Sur LinkedIn<\/a><\/li>\n\n\n\n<li><a href=\"https:\/\/oliviermetellus.fr\/wp-content\/uploads\/2026\/04\/Post_LinkedIn.png\" data-type=\"link\" data-id=\"https:\/\/oliviermetellus.fr\/wp-content\/uploads\/2026\/04\/Post_LinkedIn.png\" target=\"_blank\" rel=\"noreferrer noopener\">Lire le post<\/a><\/li>\n<\/ul>\n\n\n\n<figure class=\"wp-block-gallery has-nested-images columns-default is-cropped wp-block-gallery-1 is-layout-flex wp-block-gallery-is-layout-flex\">\n<figure class=\"wp-block-image size-large\"><img loading=\"lazy\" decoding=\"async\" width=\"724\" height=\"1024\" data-id=\"1463\" src=\"https:\/\/oliviermetellus.fr\/wp-content\/uploads\/2026\/03\/Flyer-724x1024.jpeg\" alt=\"\" class=\"wp-image-1463\" srcset=\"https:\/\/oliviermetellus.fr\/wp-content\/uploads\/2026\/03\/Flyer-724x1024.jpeg 724w, https:\/\/oliviermetellus.fr\/wp-content\/uploads\/2026\/03\/Flyer-212x300.jpeg 212w, https:\/\/oliviermetellus.fr\/wp-content\/uploads\/2026\/03\/Flyer-768x1086.jpeg 768w, https:\/\/oliviermetellus.fr\/wp-content\/uploads\/2026\/03\/Flyer-1086x1536.jpeg 1086w, https:\/\/oliviermetellus.fr\/wp-content\/uploads\/2026\/03\/Flyer.jpeg 1414w\" sizes=\"auto, (max-width: 724px) 100vw, 724px\" \/><\/figure>\n\n\n\n<figure class=\"wp-block-image size-large\"><img loading=\"lazy\" decoding=\"async\" width=\"682\" height=\"1024\" data-id=\"1465\" src=\"https:\/\/oliviermetellus.fr\/wp-content\/uploads\/2026\/03\/flyer1-682x1024.jpeg\" alt=\"\" class=\"wp-image-1465\" srcset=\"https:\/\/oliviermetellus.fr\/wp-content\/uploads\/2026\/03\/flyer1-682x1024.jpeg 682w, https:\/\/oliviermetellus.fr\/wp-content\/uploads\/2026\/03\/flyer1-200x300.jpeg 200w, https:\/\/oliviermetellus.fr\/wp-content\/uploads\/2026\/03\/flyer1-768x1152.jpeg 768w, https:\/\/oliviermetellus.fr\/wp-content\/uploads\/2026\/03\/flyer1.jpeg 853w\" sizes=\"auto, (max-width: 682px) 100vw, 682px\" \/><\/figure>\n<\/figure>\n<\/div>\n\n\n\n<figure class=\"wp-block-image size-large\"><img loading=\"lazy\" decoding=\"async\" width=\"1024\" height=\"632\" src=\"https:\/\/oliviermetellus.fr\/wp-content\/uploads\/2026\/03\/Cercle-Dumas-1024x632.jpg\" alt=\"\" class=\"wp-image-1466\" srcset=\"https:\/\/oliviermetellus.fr\/wp-content\/uploads\/2026\/03\/Cercle-Dumas-1024x632.jpg 1024w, https:\/\/oliviermetellus.fr\/wp-content\/uploads\/2026\/03\/Cercle-Dumas-300x185.jpg 300w, https:\/\/oliviermetellus.fr\/wp-content\/uploads\/2026\/03\/Cercle-Dumas-768x474.jpg 768w, https:\/\/oliviermetellus.fr\/wp-content\/uploads\/2026\/03\/Cercle-Dumas-1536x948.jpg 1536w, https:\/\/oliviermetellus.fr\/wp-content\/uploads\/2026\/03\/Cercle-Dumas.jpg 1669w\" sizes=\"auto, (max-width: 1024px) 100vw, 1024px\" \/><\/figure>\n","protected":false},"excerpt":{"rendered":"<p>Intervention \u00e0 la Maison de l\u2019Am\u00e9rique latine, le 27 mars 2026, \u00e0 l\u2019invitation du Cercle Dumas Ha\u00efti-France, autour d\u2019un th\u00e8me central : la culture ha\u00eftienne comme vecteur de rayonnement et d\u2019influence en France.<\/p>\n","protected":false},"author":1,"featured_media":1463,"comment_status":"closed","ping_status":"open","sticky":false,"template":"","format":"standard","meta":{"footnotes":""},"categories":[5,4,11,59],"tags":[48],"class_list":["post-1438","post","type-post","status-publish","format-standard","has-post-thumbnail","hentry","category-actualites","category-agenda-annonces","category-interventions-conferences","category-presences-dialogues","tag-diplomatie-culturelle"],"_links":{"self":[{"href":"https:\/\/oliviermetellus.fr\/index.php\/wp-json\/wp\/v2\/posts\/1438","targetHints":{"allow":["GET"]}}],"collection":[{"href":"https:\/\/oliviermetellus.fr\/index.php\/wp-json\/wp\/v2\/posts"}],"about":[{"href":"https:\/\/oliviermetellus.fr\/index.php\/wp-json\/wp\/v2\/types\/post"}],"author":[{"embeddable":true,"href":"https:\/\/oliviermetellus.fr\/index.php\/wp-json\/wp\/v2\/users\/1"}],"replies":[{"embeddable":true,"href":"https:\/\/oliviermetellus.fr\/index.php\/wp-json\/wp\/v2\/comments?post=1438"}],"version-history":[{"count":9,"href":"https:\/\/oliviermetellus.fr\/index.php\/wp-json\/wp\/v2\/posts\/1438\/revisions"}],"predecessor-version":[{"id":1462,"href":"https:\/\/oliviermetellus.fr\/index.php\/wp-json\/wp\/v2\/posts\/1438\/revisions\/1462"}],"wp:featuredmedia":[{"embeddable":true,"href":"https:\/\/oliviermetellus.fr\/index.php\/wp-json\/wp\/v2\/media\/1463"}],"wp:attachment":[{"href":"https:\/\/oliviermetellus.fr\/index.php\/wp-json\/wp\/v2\/media?parent=1438"}],"wp:term":[{"taxonomy":"category","embeddable":true,"href":"https:\/\/oliviermetellus.fr\/index.php\/wp-json\/wp\/v2\/categories?post=1438"},{"taxonomy":"post_tag","embeddable":true,"href":"https:\/\/oliviermetellus.fr\/index.php\/wp-json\/wp\/v2\/tags?post=1438"}],"curies":[{"name":"wp","href":"https:\/\/api.w.org\/{rel}","templated":true}]}}