{"id":1453,"date":"2026-04-02T14:36:16","date_gmt":"2026-04-02T14:36:16","guid":{"rendered":"https:\/\/oliviermetellus.fr\/?p=1453"},"modified":"2026-04-19T11:27:24","modified_gmt":"2026-04-19T11:27:24","slug":"eloquentia-2026-clore-un-chapitre-garder-une-trace","status":"publish","type":"post","link":"https:\/\/oliviermetellus.fr\/index.php\/2026\/04\/02\/eloquentia-2026-clore-un-chapitre-garder-une-trace\/","title":{"rendered":"Eloquentia 2026 \u2014 clore un chapitre, garder une trace"},"content":{"rendered":"\n<div class=\"wp-block-group is-layout-flow wp-block-group-is-layout-flow\">\n<p>Le moment est venu, sur ce site, de clore le chapitre consacr\u00e9 \u00e0 <strong>l\u2019accueil et \u00e0 l\u2019accompagnement de la d\u00e9l\u00e9gation de Jacmel autour de la finale internationale d\u2019Eloquentia 2026<\/strong>.<\/p>\n\n\n\n<p>Cette s\u00e9quence va d\u00e9sormais rejoindre les archives.<br>Elle y trouve naturellement sa place, non comme un simple \u00e9pisode, mais comme une exp\u00e9rience pleinement coh\u00e9rente avec le fil de ce site : <strong>accompagner, relier, transmettre, cr\u00e9er des passerelles et aider des voix \u00e0 trouver leur juste port\u00e9e<\/strong>.<\/p>\n\n\n\n<h2 class=\"wp-block-heading\">Un accompagnement concret, une responsabilit\u00e9 assum\u00e9e<\/h2>\n\n\n\n<p>D\u00e8s l\u2019origine, il ne s\u2019agissait pas seulement de suivre un concours ou d\u2019en commenter les \u00e9tapes.<br>L\u2019enjeu \u00e9tait plus concret et plus exigeant : contribuer, \u00e0 Paris, \u00e0 cr\u00e9er les meilleures conditions possibles pour cette venue, en assurant l\u2019accueil, l\u2019h\u00e9bergement, la coordination, la fluidit\u00e9 des \u00e9changes et l\u2019organisation des rencontres utiles.<\/p>\n\n\n\n<p>Ce travail d\u2019accompagnement s\u2019est construit dans la discr\u00e9tion, au fil des besoins, des ajustements et des priorit\u00e9s du moment. Il relevait autant de l\u2019organisation que de la pr\u00e9sence, autant de l\u2019attention pratique que d\u2019une certaine id\u00e9e de l\u2019hospitalit\u00e9 et de la responsabilit\u00e9.<\/p>\n\n\n\n<h2 class=\"wp-block-heading\">Quelques jours denses, entre rencontres et pr\u00e9paration<\/h2>\n\n\n\n<p>Tr\u00e8s vite, cette mission a d\u00e9pass\u00e9 son seul cadre logistique.<br>L\u2019arriv\u00e9e \u00e0 Paris, les temps d\u2019\u00e9change, les rendez-vous, le passage au si\u00e8ge d\u2019Eloquentia, la r\u00e9ception \u00e0 l\u2019Ambassade d\u2019Ha\u00efti en France, mais aussi la <strong>s\u00e9ance de travail de la veille au si\u00e8ge de l\u2019AAJM<\/strong>, dans l\u2019ancienne maison de Jean M\u00e9tellus, avant les derniers r\u00e9glages pr\u00e9c\u00e9dant la finale : tout cela a form\u00e9 une s\u00e9quence dense, \u00e0 la fois humaine, culturelle et symbolique.<\/p>\n\n\n\n<p>Il y a eu du travail, de l\u2019attente, parfois de la tension, mais aussi une qualit\u00e9 de pr\u00e9sence rare.<br>Et surtout, la conviction grandissante que ce qui se jouait l\u00e0 d\u00e9passait le seul \u00e9v\u00e9nement : il s\u2019agissait aussi d\u2019accompagner une dynamique, de soutenir un parcours et de permettre \u00e0 une promesse de franchir une \u00e9tape d\u00e9cisive.<\/p>\n\n\n\n<h2 class=\"wp-block-heading\">Le r\u00f4le essentiel de Wagens Jean-Louis et de Golden Team Ha\u00efti<\/h2>\n\n\n\n<p>Cette exp\u00e9rience a \u00e9galement confirm\u00e9, de mani\u00e8re tr\u00e8s nette, le r\u00f4le essentiel de <strong>Wagens Jean-Louis<\/strong>, coordinateur de <strong>Golden Team Ha\u00efti<\/strong>.<\/p>\n\n\n\n<p>Son engagement, sa constance, sa capacit\u00e9 de pr\u00e9paration et d\u2019accompagnement ont \u00e9t\u00e9 d\u00e9terminants. \u00c0 travers lui, c\u2019est tout le travail men\u00e9 depuis Jacmel qui est apparu avec davantage de nettet\u00e9 : un effort patient de formation, d\u2019encadrement, de transmission et de mise en confiance, au service de jeunes talents appel\u00e9s \u00e0 grandir.<\/p>\n\n\n\n<p>Cette s\u00e9quence parisienne aura ainsi rendu plus visible ce que l\u2019on per\u00e7oit moins depuis l\u2019ext\u00e9rieur : une victoire ne na\u00eet jamais d\u2019un instant seul. Elle proc\u00e8de d\u2019un travail de fond, d\u2019une discipline, d\u2019une fid\u00e9lit\u00e9, d\u2019une vision.<\/p>\n\n\n\n<h2 class=\"wp-block-heading\">Une victoire, et au-del\u00e0 de la victoire<\/h2>\n\n\n\n<p>La victoire d\u2019<strong>Abiga\u00efl Alexandre<\/strong> a donn\u00e9 \u00e0 cette aventure son accomplissement le plus visible, le plus \u00e9clatant, et sans doute le plus \u00e9mouvant.<\/p>\n\n\n\n<p>Quelques heures auparavant, lors de la r\u00e9ception \u00e0 l\u2019<strong>Ambassade d\u2019Ha\u00efti en France<\/strong>, une formule de Maxime Dumont avait d\u00e9j\u00e0 marqu\u00e9 les esprits : celle d\u2019<strong>Abiga\u00efl \u201cAnacaona\u201d Alexandre (AAA)<\/strong>. Elle disait, avec justesse, la force de pr\u00e9sence, l\u2019allure et la port\u00e9e symbolique qu\u2019Abiga\u00efl incarnait d\u00e9j\u00e0 au-del\u00e0 m\u00eame de la comp\u00e9tition.<\/p>\n\n\n\n<p>Mais ce site souhaite garder aussi la m\u00e9moire de ce qui, autour de cette victoire, en a rendu l\u2019av\u00e8nement possible :<\/p>\n\n\n\n<ul class=\"wp-block-list\">\n<li>le travail pr\u00e9paratoire,<\/li>\n\n\n\n<li>la solidit\u00e9 du mentorat,<\/li>\n\n\n\n<li>la qualit\u00e9 des relais,<\/li>\n\n\n\n<li>la mobilisation du tissu associatif,<\/li>\n\n\n\n<li>et l\u2019importance d\u2019un accompagnement concret, constant, attentif.<\/li>\n<\/ul>\n\n\n\n<p>Autrement dit, cette page ne veut pas seulement retenir un r\u00e9sultat.<br>Elle veut conserver la trace d\u2019une cha\u00eene de confiance.<\/p>\n\n\n\n<h2 class=\"wp-block-heading\">Archiver, ce n\u2019est pas effacer<\/h2>\n\n\n\n<p>Faire passer aujourd\u2019hui ce projet dans les archives ne signifie pas tourner la page au sens d\u2019un oubli.<br>C\u2019est au contraire lui donner sa juste place : celle d\u2019une s\u00e9quence accomplie, d\u00e9sormais stabilis\u00e9e, que l\u2019on peut relire avec recul comme un moment de coh\u00e9rence entre convictions, engagements et actes.<\/p>\n\n\n\n<p>Je veux redire ici ma gratitude \u00e0 <strong>Abiga\u00efl Alexandre<\/strong>, \u00e0 <strong>Wagens Jean-Louis<\/strong>, \u00e0 <strong>Golden Team Ha\u00efti<\/strong>, ainsi qu\u2019\u00e0 toutes celles et tous ceux qui ont contribu\u00e9, de pr\u00e8s ou de loin, \u00e0 cette belle aventure.<\/p>\n\n\n\n<p>Les images, vid\u00e9os et autres \u00e9l\u00e9ments de cette s\u00e9quence rejoindront prochainement la <strong>cha\u00eene YouTube de l\u2019AAJM<\/strong>, afin d\u2019en prolonger la m\u00e9moire sous d\u2019autres formes.<\/p>\n\n\n\n<p>Ce chapitre se referme donc ici.<br>Il laisse derri\u00e8re lui bien plus qu\u2019un souvenir : la trace d\u2019un moment o\u00f9 <strong>l\u2019accompagnement, la transmission et la parole auront avanc\u00e9 ensemble<\/strong>.<\/p>\n\n\n\n<p><strong>\u00c0 lire <\/strong>sur le web<\/p>\n\n\n\n<ul class=\"wp-block-list\">\n<li><a href=\"https:\/\/www.youtube.com\/playlist?list=PLyrsV5RAZi2Ih2BtjnyGBZg6vuXMbsMiK\" data-type=\"link\" data-id=\"https:\/\/www.youtube.com\/playlist?list=PLyrsV5RAZi2Ih2BtjnyGBZg6vuXMbsMiK\" target=\"_blank\" rel=\"noreferrer noopener\">La playlist m\u00e9moire sur You tube<\/a><\/li>\n\n\n\n<li> <em><a href=\"https:\/\/jeanmetellus.com\/porter-sa-voix-depuis-jacmel-entretien-avec-wagens-jean-louis-artisan-deloquentia-haiti\/\" data-type=\"link\" data-id=\"https:\/\/jeanmetellus.com\/porter-sa-voix-depuis-jacmel-entretien-avec-wagens-jean-louis-artisan-deloquentia-haiti\/\" target=\"_blank\" rel=\"noreferrer noopener\">Porter sa voix depuis Jacmel : entretien avec Wagens Jean-Louis<\/a><\/em><\/li>\n\n\n\n<li><a href=\"https:\/\/www.facebook.com\/story.php?story_fbid=1475718877461014&amp;id=100050687460317&amp;rdid=p5G8CZPYu7iRz1C8#\" data-type=\"link\" data-id=\"https:\/\/www.facebook.com\/story.php?story_fbid=1475718877461014&amp;id=100050687460317&amp;rdid=p5G8CZPYu7iRz1C8#\" target=\"_blank\" rel=\"noreferrer noopener\">Finale internationale Eloquentia du 25 mars sur Ha\u00efti People Magazine<\/a><\/li>\n\n\n\n<li><a href=\"https:\/\/www.linkedin.com\/posts\/ometellus_il-y-a-des-moments-o%C3%B9-les-convictions-prennent-activity-7440068262966685698-rqtO?utm_source=share&amp;utm_medium=member_desktop&amp;rcm=ACoAAB1rRbkBBOhKItopdrjIIEc8Cn01a3Gmur8\" data-type=\"link\" data-id=\"https:\/\/www.linkedin.com\/posts\/ometellus_il-y-a-des-moments-o%C3%B9-les-convictions-prennent-activity-7440068262966685698-rqtO?utm_source=share&amp;utm_medium=member_desktop&amp;rcm=ACoAAB1rRbkBBOhKItopdrjIIEc8Cn01a3Gmur8\" target=\"_blank\" rel=\"noreferrer noopener\">L&rsquo;accueil sur LinkedIn<\/a>, <a href=\"https:\/\/www.linkedin.com\/feed\/update\/urn:li:activity:7442971162491465728\/\" data-type=\"link\" data-id=\"https:\/\/www.linkedin.com\/feed\/update\/urn:li:activity:7442971162491465728\/\" target=\"_blank\" rel=\"noreferrer noopener\">la victoire sur linkedin<\/a> <\/li>\n<\/ul>\n\n\n\n<figure class=\"wp-block-gallery has-nested-images columns-default is-cropped wp-block-gallery-1 is-layout-flex wp-block-gallery-is-layout-flex\">\n<figure class=\"wp-block-image size-large\"><img loading=\"lazy\" decoding=\"async\" width=\"1024\" height=\"768\" data-id=\"1458\" src=\"https:\/\/oliviermetellus.fr\/wp-content\/uploads\/2026\/04\/IMG_0252-1024x768.jpeg\" alt=\"\" class=\"wp-image-1458\" srcset=\"https:\/\/oliviermetellus.fr\/wp-content\/uploads\/2026\/04\/IMG_0252-1024x768.jpeg 1024w, https:\/\/oliviermetellus.fr\/wp-content\/uploads\/2026\/04\/IMG_0252-300x225.jpeg 300w, https:\/\/oliviermetellus.fr\/wp-content\/uploads\/2026\/04\/IMG_0252-768x576.jpeg 768w, https:\/\/oliviermetellus.fr\/wp-content\/uploads\/2026\/04\/IMG_0252-1536x1152.jpeg 1536w, https:\/\/oliviermetellus.fr\/wp-content\/uploads\/2026\/04\/IMG_0252.jpeg 2048w\" sizes=\"auto, (max-width: 1024px) 100vw, 1024px\" \/><\/figure>\n\n\n\n<figure class=\"wp-block-image size-large\"><img loading=\"lazy\" decoding=\"async\" width=\"1024\" height=\"768\" data-id=\"1459\" src=\"https:\/\/oliviermetellus.fr\/wp-content\/uploads\/2026\/04\/IMG_0235-1024x768.jpeg\" alt=\"\" class=\"wp-image-1459\" srcset=\"https:\/\/oliviermetellus.fr\/wp-content\/uploads\/2026\/04\/IMG_0235-1024x768.jpeg 1024w, https:\/\/oliviermetellus.fr\/wp-content\/uploads\/2026\/04\/IMG_0235-300x225.jpeg 300w, https:\/\/oliviermetellus.fr\/wp-content\/uploads\/2026\/04\/IMG_0235-768x576.jpeg 768w, https:\/\/oliviermetellus.fr\/wp-content\/uploads\/2026\/04\/IMG_0235-1536x1152.jpeg 1536w, https:\/\/oliviermetellus.fr\/wp-content\/uploads\/2026\/04\/IMG_0235.jpeg 2048w\" sizes=\"auto, (max-width: 1024px) 100vw, 1024px\" \/><\/figure>\n\n\n\n<figure class=\"wp-block-image size-large\"><img loading=\"lazy\" decoding=\"async\" width=\"1024\" height=\"768\" data-id=\"1456\" src=\"https:\/\/oliviermetellus.fr\/wp-content\/uploads\/2026\/04\/Victoire_Wagens_Abi-1024x768.jpeg\" alt=\"Olivier M\u00e9tellus, Abiga\u00efl Alexandre, Wagens Jean-Louis, Mozna Charles\" class=\"wp-image-1456\" srcset=\"https:\/\/oliviermetellus.fr\/wp-content\/uploads\/2026\/04\/Victoire_Wagens_Abi-1024x768.jpeg 1024w, https:\/\/oliviermetellus.fr\/wp-content\/uploads\/2026\/04\/Victoire_Wagens_Abi-300x225.jpeg 300w, https:\/\/oliviermetellus.fr\/wp-content\/uploads\/2026\/04\/Victoire_Wagens_Abi-768x576.jpeg 768w, https:\/\/oliviermetellus.fr\/wp-content\/uploads\/2026\/04\/Victoire_Wagens_Abi-1536x1152.jpeg 1536w, https:\/\/oliviermetellus.fr\/wp-content\/uploads\/2026\/04\/Victoire_Wagens_Abi.jpeg 2048w\" sizes=\"auto, (max-width: 1024px) 100vw, 1024px\" \/><figcaption class=\"wp-element-caption\">Seine musicale, victoire d&rsquo;Abiga\u00efl Alexandre Eloquentia<br>Olivier M\u00e9tellus, Abiga\u00efl Alexandre, Wagens Jean-Louis, Mozna Charles<\/figcaption><\/figure>\n\n\n\n<figure class=\"wp-block-image size-large\"><img loading=\"lazy\" decoding=\"async\" width=\"1024\" height=\"768\" data-id=\"1460\" src=\"https:\/\/oliviermetellus.fr\/wp-content\/uploads\/2026\/04\/IMG_0230-1024x768.jpeg\" alt=\"\" class=\"wp-image-1460\" srcset=\"https:\/\/oliviermetellus.fr\/wp-content\/uploads\/2026\/04\/IMG_0230-1024x768.jpeg 1024w, https:\/\/oliviermetellus.fr\/wp-content\/uploads\/2026\/04\/IMG_0230-300x225.jpeg 300w, https:\/\/oliviermetellus.fr\/wp-content\/uploads\/2026\/04\/IMG_0230-768x576.jpeg 768w, https:\/\/oliviermetellus.fr\/wp-content\/uploads\/2026\/04\/IMG_0230-1536x1152.jpeg 1536w, https:\/\/oliviermetellus.fr\/wp-content\/uploads\/2026\/04\/IMG_0230.jpeg 2048w\" sizes=\"auto, (max-width: 1024px) 100vw, 1024px\" \/><\/figure>\n\n\n\n<figure class=\"wp-block-image size-large\"><img loading=\"lazy\" decoding=\"async\" width=\"1024\" height=\"768\" data-id=\"1445\" src=\"https:\/\/oliviermetellus.fr\/wp-content\/uploads\/2026\/03\/WhatsApp-Image-2026-03-19-at-22.43.27-1-1024x768.jpeg\" alt=\"\" class=\"wp-image-1445\" srcset=\"https:\/\/oliviermetellus.fr\/wp-content\/uploads\/2026\/03\/WhatsApp-Image-2026-03-19-at-22.43.27-1-1024x768.jpeg 1024w, https:\/\/oliviermetellus.fr\/wp-content\/uploads\/2026\/03\/WhatsApp-Image-2026-03-19-at-22.43.27-1-300x225.jpeg 300w, https:\/\/oliviermetellus.fr\/wp-content\/uploads\/2026\/03\/WhatsApp-Image-2026-03-19-at-22.43.27-1-768x576.jpeg 768w, https:\/\/oliviermetellus.fr\/wp-content\/uploads\/2026\/03\/WhatsApp-Image-2026-03-19-at-22.43.27-1-1536x1152.jpeg 1536w, https:\/\/oliviermetellus.fr\/wp-content\/uploads\/2026\/03\/WhatsApp-Image-2026-03-19-at-22.43.27-1.jpeg 1600w\" sizes=\"auto, (max-width: 1024px) 100vw, 1024px\" \/><\/figure>\n\n\n\n<figure class=\"wp-block-image size-large\"><img loading=\"lazy\" decoding=\"async\" width=\"819\" height=\"1024\" data-id=\"1444\" src=\"https:\/\/oliviermetellus.fr\/wp-content\/uploads\/2026\/03\/Affiche_AA-819x1024.jpg\" alt=\"\" class=\"wp-image-1444\" srcset=\"https:\/\/oliviermetellus.fr\/wp-content\/uploads\/2026\/03\/Affiche_AA-819x1024.jpg 819w, https:\/\/oliviermetellus.fr\/wp-content\/uploads\/2026\/03\/Affiche_AA-240x300.jpg 240w, https:\/\/oliviermetellus.fr\/wp-content\/uploads\/2026\/03\/Affiche_AA-768x960.jpg 768w, https:\/\/oliviermetellus.fr\/wp-content\/uploads\/2026\/03\/Affiche_AA-1229x1536.jpg 1229w, https:\/\/oliviermetellus.fr\/wp-content\/uploads\/2026\/03\/Affiche_AA.jpg 1280w\" sizes=\"auto, (max-width: 819px) 100vw, 819px\" \/><\/figure>\n\n\n\n<figure class=\"wp-block-image size-large\"><img loading=\"lazy\" decoding=\"async\" width=\"768\" height=\"1024\" data-id=\"1443\" src=\"https:\/\/oliviermetellus.fr\/wp-content\/uploads\/2026\/03\/IMG_0161-768x1024.jpeg\" alt=\"\" class=\"wp-image-1443\" srcset=\"https:\/\/oliviermetellus.fr\/wp-content\/uploads\/2026\/03\/IMG_0161-768x1024.jpeg 768w, https:\/\/oliviermetellus.fr\/wp-content\/uploads\/2026\/03\/IMG_0161-225x300.jpeg 225w, https:\/\/oliviermetellus.fr\/wp-content\/uploads\/2026\/03\/IMG_0161-1152x1536.jpeg 1152w, https:\/\/oliviermetellus.fr\/wp-content\/uploads\/2026\/03\/IMG_0161.jpeg 1536w\" sizes=\"auto, (max-width: 768px) 100vw, 768px\" \/><\/figure>\n\n\n\n<figure class=\"wp-block-image size-large\"><img loading=\"lazy\" decoding=\"async\" width=\"768\" height=\"1024\" data-id=\"1442\" src=\"https:\/\/oliviermetellus.fr\/wp-content\/uploads\/2026\/03\/IMG_0130-768x1024.jpeg\" alt=\"\" class=\"wp-image-1442\" srcset=\"https:\/\/oliviermetellus.fr\/wp-content\/uploads\/2026\/03\/IMG_0130-768x1024.jpeg 768w, https:\/\/oliviermetellus.fr\/wp-content\/uploads\/2026\/03\/IMG_0130-225x300.jpeg 225w, https:\/\/oliviermetellus.fr\/wp-content\/uploads\/2026\/03\/IMG_0130-1152x1536.jpeg 1152w, https:\/\/oliviermetellus.fr\/wp-content\/uploads\/2026\/03\/IMG_0130.jpeg 1536w\" sizes=\"auto, (max-width: 768px) 100vw, 768px\" \/><\/figure>\n\n\n\n<figure class=\"wp-block-image size-large\"><img loading=\"lazy\" decoding=\"async\" width=\"768\" height=\"1024\" data-id=\"1441\" src=\"https:\/\/oliviermetellus.fr\/wp-content\/uploads\/2026\/03\/IMG_0119-768x1024.jpeg\" alt=\"\" class=\"wp-image-1441\" srcset=\"https:\/\/oliviermetellus.fr\/wp-content\/uploads\/2026\/03\/IMG_0119-768x1024.jpeg 768w, https:\/\/oliviermetellus.fr\/wp-content\/uploads\/2026\/03\/IMG_0119-225x300.jpeg 225w, https:\/\/oliviermetellus.fr\/wp-content\/uploads\/2026\/03\/IMG_0119-1152x1536.jpeg 1152w, https:\/\/oliviermetellus.fr\/wp-content\/uploads\/2026\/03\/IMG_0119.jpeg 1536w\" sizes=\"auto, (max-width: 768px) 100vw, 768px\" \/><\/figure>\n\n\n\n<figure class=\"wp-block-image size-large\"><img loading=\"lazy\" decoding=\"async\" width=\"768\" height=\"1024\" data-id=\"1440\" src=\"https:\/\/oliviermetellus.fr\/wp-content\/uploads\/2026\/03\/Wagens_Jean_Louis_Olivier_Metellus-1-768x1024.jpeg\" alt=\"\" class=\"wp-image-1440\" srcset=\"https:\/\/oliviermetellus.fr\/wp-content\/uploads\/2026\/03\/Wagens_Jean_Louis_Olivier_Metellus-1-768x1024.jpeg 768w, https:\/\/oliviermetellus.fr\/wp-content\/uploads\/2026\/03\/Wagens_Jean_Louis_Olivier_Metellus-1-225x300.jpeg 225w, https:\/\/oliviermetellus.fr\/wp-content\/uploads\/2026\/03\/Wagens_Jean_Louis_Olivier_Metellus-1-1152x1536.jpeg 1152w, https:\/\/oliviermetellus.fr\/wp-content\/uploads\/2026\/03\/Wagens_Jean_Louis_Olivier_Metellus-1.jpeg 1200w\" sizes=\"auto, (max-width: 768px) 100vw, 768px\" \/><\/figure>\n<\/figure>\n<\/div>\n\n\n\n<p><\/p>\n","protected":false},"excerpt":{"rendered":"<p>Retour sur une s\u00e9quence d\u2019accueil, d\u2019accompagnement et de transmission autour de la d\u00e9l\u00e9gation de Jacmel pour la finale internationale d\u2019Eloquentia 2026, d\u00e9sormais inscrite dans les archives du site.<\/p>\n","protected":false},"author":1,"featured_media":1456,"comment_status":"closed","ping_status":"open","sticky":false,"template":"","format":"standard","meta":{"footnotes":""},"categories":[5,4,59,44],"tags":[48,43],"class_list":["post-1453","post","type-post","status-publish","format-standard","has-post-thumbnail","hentry","category-actualites","category-agenda-annonces","category-presences-dialogues","category-projets-realisations","tag-diplomatie-culturelle","tag-projet-realise"],"_links":{"self":[{"href":"https:\/\/oliviermetellus.fr\/index.php\/wp-json\/wp\/v2\/posts\/1453","targetHints":{"allow":["GET"]}}],"collection":[{"href":"https:\/\/oliviermetellus.fr\/index.php\/wp-json\/wp\/v2\/posts"}],"about":[{"href":"https:\/\/oliviermetellus.fr\/index.php\/wp-json\/wp\/v2\/types\/post"}],"author":[{"embeddable":true,"href":"https:\/\/oliviermetellus.fr\/index.php\/wp-json\/wp\/v2\/users\/1"}],"replies":[{"embeddable":true,"href":"https:\/\/oliviermetellus.fr\/index.php\/wp-json\/wp\/v2\/comments?post=1453"}],"version-history":[{"count":4,"href":"https:\/\/oliviermetellus.fr\/index.php\/wp-json\/wp\/v2\/posts\/1453\/revisions"}],"predecessor-version":[{"id":1494,"href":"https:\/\/oliviermetellus.fr\/index.php\/wp-json\/wp\/v2\/posts\/1453\/revisions\/1494"}],"wp:featuredmedia":[{"embeddable":true,"href":"https:\/\/oliviermetellus.fr\/index.php\/wp-json\/wp\/v2\/media\/1456"}],"wp:attachment":[{"href":"https:\/\/oliviermetellus.fr\/index.php\/wp-json\/wp\/v2\/media?parent=1453"}],"wp:term":[{"taxonomy":"category","embeddable":true,"href":"https:\/\/oliviermetellus.fr\/index.php\/wp-json\/wp\/v2\/categories?post=1453"},{"taxonomy":"post_tag","embeddable":true,"href":"https:\/\/oliviermetellus.fr\/index.php\/wp-json\/wp\/v2\/tags?post=1453"}],"curies":[{"name":"wp","href":"https:\/\/api.w.org\/{rel}","templated":true}]}}