{"id":1482,"date":"2026-04-07T07:46:38","date_gmt":"2026-04-07T07:46:38","guid":{"rendered":"https:\/\/oliviermetellus.fr\/?p=1482"},"modified":"2026-04-10T07:51:45","modified_gmt":"2026-04-10T07:51:45","slug":"pantheon-hommage-a-toussaint-louverture-7-avril-2026","status":"publish","type":"post","link":"https:\/\/oliviermetellus.fr\/index.php\/2026\/04\/07\/pantheon-hommage-a-toussaint-louverture-7-avril-2026\/","title":{"rendered":"Panth\u00e9on \u2013 Hommage \u00e0 Toussaint Louverture (7 avril 2026)"},"content":{"rendered":"\n<p>Le 7 avril 2026, au Panth\u00e9on, s\u2019est tenu un moment de recueillement \u00e0 l\u2019occasion du 223\u1d49 anniversaire de la disparition de Toussaint Louverture, \u00e0 l\u2019invitation de Son Excellence Louino Volcy, ambassadeur d\u2019Ha\u00efti en France.<\/p>\n\n\n\n<p>Dans ce lieu de m\u00e9moire, la figure de Toussaint Louverture rappelle une exigence toujours actuelle : celle de la libert\u00e9, mais aussi de la responsabilit\u00e9 qu\u2019elle engage.<\/p>\n\n\n\n<p>Ces instants, discrets mais essentiels, participent \u00e0 une continuit\u00e9 : faire vivre l\u2019h\u00e9ritage, dans le respect et dans le temps long.<\/p>\n\n\n\n<figure class=\"wp-block-gallery has-nested-images columns-2 is-cropped wp-block-gallery-1 is-layout-flex wp-block-gallery-is-layout-flex\">\n<figure class=\"wp-block-image size-large\"><img loading=\"lazy\" decoding=\"async\" width=\"1024\" height=\"768\" data-id=\"1477\" src=\"https:\/\/oliviermetellus.fr\/wp-content\/uploads\/2026\/04\/IMG_0357-1024x768.jpeg\" alt=\"\" class=\"wp-image-1477\" srcset=\"https:\/\/oliviermetellus.fr\/wp-content\/uploads\/2026\/04\/IMG_0357-1024x768.jpeg 1024w, https:\/\/oliviermetellus.fr\/wp-content\/uploads\/2026\/04\/IMG_0357-300x225.jpeg 300w, https:\/\/oliviermetellus.fr\/wp-content\/uploads\/2026\/04\/IMG_0357-768x576.jpeg 768w, https:\/\/oliviermetellus.fr\/wp-content\/uploads\/2026\/04\/IMG_0357-1536x1152.jpeg 1536w, https:\/\/oliviermetellus.fr\/wp-content\/uploads\/2026\/04\/IMG_0357.jpeg 2048w\" sizes=\"auto, (max-width: 1024px) 100vw, 1024px\" \/><\/figure>\n\n\n\n<figure class=\"wp-block-image size-large\"><img loading=\"lazy\" decoding=\"async\" width=\"768\" height=\"1024\" data-id=\"1480\" src=\"https:\/\/oliviermetellus.fr\/wp-content\/uploads\/2026\/04\/O_Metellus_W_Theodore-768x1024.jpeg\" alt=\"\" class=\"wp-image-1480\" srcset=\"https:\/\/oliviermetellus.fr\/wp-content\/uploads\/2026\/04\/O_Metellus_W_Theodore-768x1024.jpeg 768w, https:\/\/oliviermetellus.fr\/wp-content\/uploads\/2026\/04\/O_Metellus_W_Theodore-225x300.jpeg 225w, https:\/\/oliviermetellus.fr\/wp-content\/uploads\/2026\/04\/O_Metellus_W_Theodore-1152x1536.jpeg 1152w, https:\/\/oliviermetellus.fr\/wp-content\/uploads\/2026\/04\/O_Metellus_W_Theodore.jpeg 1536w\" sizes=\"auto, (max-width: 768px) 100vw, 768px\" \/><\/figure>\n\n\n\n<figure class=\"wp-block-image size-large\"><img loading=\"lazy\" decoding=\"async\" width=\"1024\" height=\"768\" data-id=\"1478\" src=\"https:\/\/oliviermetellus.fr\/wp-content\/uploads\/2026\/04\/IMG_0367-1024x768.jpeg\" alt=\"\" class=\"wp-image-1478\" srcset=\"https:\/\/oliviermetellus.fr\/wp-content\/uploads\/2026\/04\/IMG_0367-1024x768.jpeg 1024w, https:\/\/oliviermetellus.fr\/wp-content\/uploads\/2026\/04\/IMG_0367-300x225.jpeg 300w, https:\/\/oliviermetellus.fr\/wp-content\/uploads\/2026\/04\/IMG_0367-768x576.jpeg 768w, https:\/\/oliviermetellus.fr\/wp-content\/uploads\/2026\/04\/IMG_0367-1536x1152.jpeg 1536w, https:\/\/oliviermetellus.fr\/wp-content\/uploads\/2026\/04\/IMG_0367.jpeg 2048w\" sizes=\"auto, (max-width: 1024px) 100vw, 1024px\" \/><\/figure>\n\n\n\n<figure class=\"wp-block-image size-large\"><img loading=\"lazy\" decoding=\"async\" width=\"1024\" height=\"683\" data-id=\"1481\" src=\"https:\/\/oliviermetellus.fr\/wp-content\/uploads\/2026\/04\/Toussaint_O_Metellus-1024x683.jpg\" alt=\"\" class=\"wp-image-1481\" srcset=\"https:\/\/oliviermetellus.fr\/wp-content\/uploads\/2026\/04\/Toussaint_O_Metellus-1024x683.jpg 1024w, https:\/\/oliviermetellus.fr\/wp-content\/uploads\/2026\/04\/Toussaint_O_Metellus-300x200.jpg 300w, https:\/\/oliviermetellus.fr\/wp-content\/uploads\/2026\/04\/Toussaint_O_Metellus-768x512.jpg 768w, https:\/\/oliviermetellus.fr\/wp-content\/uploads\/2026\/04\/Toussaint_O_Metellus-1536x1025.jpg 1536w\" sizes=\"auto, (max-width: 1024px) 100vw, 1024px\" \/><\/figure>\n<\/figure>\n","protected":false},"excerpt":{"rendered":"<p>Au Panth\u00e9on, un moment de recueillement en hommage \u00e0 Toussaint Louverture, figure majeure de l\u2019histoire ha\u00eftienne et de l\u2019exigence de libert\u00e9.<\/p>\n","protected":false},"author":1,"featured_media":1483,"comment_status":"closed","ping_status":"open","sticky":false,"template":"","format":"standard","meta":{"footnotes":""},"categories":[5,59,1],"tags":[],"class_list":["post-1482","post","type-post","status-publish","format-standard","has-post-thumbnail","hentry","category-actualites","category-presences-dialogues","category-uncategorized"],"_links":{"self":[{"href":"https:\/\/oliviermetellus.fr\/index.php\/wp-json\/wp\/v2\/posts\/1482","targetHints":{"allow":["GET"]}}],"collection":[{"href":"https:\/\/oliviermetellus.fr\/index.php\/wp-json\/wp\/v2\/posts"}],"about":[{"href":"https:\/\/oliviermetellus.fr\/index.php\/wp-json\/wp\/v2\/types\/post"}],"author":[{"embeddable":true,"href":"https:\/\/oliviermetellus.fr\/index.php\/wp-json\/wp\/v2\/users\/1"}],"replies":[{"embeddable":true,"href":"https:\/\/oliviermetellus.fr\/index.php\/wp-json\/wp\/v2\/comments?post=1482"}],"version-history":[{"count":4,"href":"https:\/\/oliviermetellus.fr\/index.php\/wp-json\/wp\/v2\/posts\/1482\/revisions"}],"predecessor-version":[{"id":1487,"href":"https:\/\/oliviermetellus.fr\/index.php\/wp-json\/wp\/v2\/posts\/1482\/revisions\/1487"}],"wp:featuredmedia":[{"embeddable":true,"href":"https:\/\/oliviermetellus.fr\/index.php\/wp-json\/wp\/v2\/media\/1483"}],"wp:attachment":[{"href":"https:\/\/oliviermetellus.fr\/index.php\/wp-json\/wp\/v2\/media?parent=1482"}],"wp:term":[{"taxonomy":"category","embeddable":true,"href":"https:\/\/oliviermetellus.fr\/index.php\/wp-json\/wp\/v2\/categories?post=1482"},{"taxonomy":"post_tag","embeddable":true,"href":"https:\/\/oliviermetellus.fr\/index.php\/wp-json\/wp\/v2\/tags?post=1482"}],"curies":[{"name":"wp","href":"https:\/\/api.w.org\/{rel}","templated":true}]}}