{"id":1490,"date":"2026-04-19T11:23:01","date_gmt":"2026-04-19T11:23:01","guid":{"rendered":"https:\/\/oliviermetellus.fr\/?p=1490"},"modified":"2026-04-19T11:25:07","modified_gmt":"2026-04-19T11:25:07","slug":"eloquentia-jacmel-a-paris-la-playlist-memoire-est-en-ligne","status":"publish","type":"post","link":"https:\/\/oliviermetellus.fr\/index.php\/2026\/04\/19\/eloquentia-jacmel-a-paris-la-playlist-memoire-est-en-ligne\/","title":{"rendered":"Eloquentia Jacmel \u00e0 Paris : la playlist m\u00e9moire est en ligne"},"content":{"rendered":"\n<p>Comme annonc\u00e9 ici il y a quelques jours, la s\u00e9quence Eloquentia 2026 entre d\u00e9sormais dans un temps d\u2019archive.<\/p>\n\n\n\n<p>L\u2019article pr\u00e9c\u00e9dent en rappelait le sens, les visages et la port\u00e9e. La playlist d\u00e9sormais mise en ligne sur la cha\u00eene YouTube de l\u2019AAJM en prolonge la m\u00e9moire sous une autre forme : celle des images, des voix, des pr\u00e9sences et des moments saisis sur le vif.<\/p>\n\n\n\n<p>On y retrouve un r\u00e9capitulatif principal, ainsi que plusieurs capsules consacr\u00e9es \u00e0 l\u2019accueil, aux rencontres, aux temps d\u2019ambassade, \u00e0 la finale et \u00e0 ses prolongements.<\/p>\n\n\n\n<p>Cette playlist n\u2019ajoute pas un nouveau r\u00e9cit. Elle garde simplement trace, autrement, de ce qui a \u00e9t\u00e9 v\u00e9cu : une aventure de parole, de transmission et de fiert\u00e9.<\/p>\n\n\n\n<p><strong>Voir la playlist :<\/strong><a href=\"https:\/\/www.youtube.com\/playlist?list=PLyrsV5RAZi2Ih2BtjnyGBZg6vuXMbsMiK\"> <\/a><a href=\"https:\/\/www.youtube.com\/playlist?list=PLyrsV5RAZi2Ih2BtjnyGBZg6vuXMbsMiK\">Eloquentia Jacmel \u00e0 Paris 2026 \u2013 accueil, rencontres et transmission &#8211; YouTube<\/a><\/p>\n\n\n\n<h3 class=\"wp-block-heading\">A relire<\/h3>\n\n\n\n<ul class=\"wp-block-list\">\n<li><a href=\"https:\/\/oliviermetellus.fr\/index.php\/2026\/04\/02\/eloquentia-2026-clore-un-chapitre-garder-une-trace\/\" data-type=\"post\" data-id=\"1453\">Eloquentia 2026 \u2014 clore un chapitre, garder une trace<\/a><\/li>\n\n\n\n<li><a href=\"https:\/\/oliviermetellus.fr\/index.php\/entretiens\/#wagens\" data-type=\"link\" data-id=\"https:\/\/oliviermetellus.fr\/index.php\/entretiens\/#wagens\" target=\"_blank\" rel=\"noreferrer noopener\">Interview de Wagens Jean-Louis<\/a><\/li>\n<\/ul>\n\n\n\n<p><\/p>\n","protected":false},"excerpt":{"rendered":"<p>La playlist consacr\u00e9e \u00e0 Eloquentia Jacmel \u00e0 Paris est d\u00e9sormais en ligne sur la cha\u00eene YouTube de l\u2019AAJM : un prolongement visuel et sonore pour garder trace de cette aventure.<\/p>\n","protected":false},"author":1,"featured_media":1443,"comment_status":"closed","ping_status":"open","sticky":false,"template":"","format":"standard","meta":{"footnotes":""},"categories":[5,59,44,1],"tags":[],"class_list":["post-1490","post","type-post","status-publish","format-standard","has-post-thumbnail","hentry","category-actualites","category-presences-dialogues","category-projets-realisations","category-uncategorized"],"_links":{"self":[{"href":"https:\/\/oliviermetellus.fr\/index.php\/wp-json\/wp\/v2\/posts\/1490","targetHints":{"allow":["GET"]}}],"collection":[{"href":"https:\/\/oliviermetellus.fr\/index.php\/wp-json\/wp\/v2\/posts"}],"about":[{"href":"https:\/\/oliviermetellus.fr\/index.php\/wp-json\/wp\/v2\/types\/post"}],"author":[{"embeddable":true,"href":"https:\/\/oliviermetellus.fr\/index.php\/wp-json\/wp\/v2\/users\/1"}],"replies":[{"embeddable":true,"href":"https:\/\/oliviermetellus.fr\/index.php\/wp-json\/wp\/v2\/comments?post=1490"}],"version-history":[{"count":3,"href":"https:\/\/oliviermetellus.fr\/index.php\/wp-json\/wp\/v2\/posts\/1490\/revisions"}],"predecessor-version":[{"id":1493,"href":"https:\/\/oliviermetellus.fr\/index.php\/wp-json\/wp\/v2\/posts\/1490\/revisions\/1493"}],"wp:featuredmedia":[{"embeddable":true,"href":"https:\/\/oliviermetellus.fr\/index.php\/wp-json\/wp\/v2\/media\/1443"}],"wp:attachment":[{"href":"https:\/\/oliviermetellus.fr\/index.php\/wp-json\/wp\/v2\/media?parent=1490"}],"wp:term":[{"taxonomy":"category","embeddable":true,"href":"https:\/\/oliviermetellus.fr\/index.php\/wp-json\/wp\/v2\/categories?post=1490"},{"taxonomy":"post_tag","embeddable":true,"href":"https:\/\/oliviermetellus.fr\/index.php\/wp-json\/wp\/v2\/tags?post=1490"}],"curies":[{"name":"wp","href":"https:\/\/api.w.org\/{rel}","templated":true}]}}