{"id":456,"date":"2026-02-26T06:51:19","date_gmt":"2026-02-26T06:51:19","guid":{"rendered":"https:\/\/oliviermetellus.fr\/?p=456"},"modified":"2026-03-07T12:57:06","modified_gmt":"2026-03-07T12:57:06","slug":"vers-un-pont-culturel-jacmel-bonneuil-une-invitation-pour-mai-2026","status":"publish","type":"post","link":"https:\/\/oliviermetellus.fr\/index.php\/2026\/02\/26\/vers-un-pont-culturel-jacmel-bonneuil-une-invitation-pour-mai-2026\/","title":{"rendered":"Pont culturel Jacmel\u2013Bonneuil : invitation pour mai 2026"},"content":{"rendered":"\n<figure class=\"wp-block-image size-large\"><img loading=\"lazy\" decoding=\"async\" width=\"1024\" height=\"469\" src=\"https:\/\/oliviermetellus.fr\/wp-content\/uploads\/2026\/02\/Groupe_bonneuil20250930-e1771926971848-1024x469.jpg\" alt=\"\" class=\"wp-image-471\" srcset=\"https:\/\/oliviermetellus.fr\/wp-content\/uploads\/2026\/02\/Groupe_bonneuil20250930-e1771926971848-1024x469.jpg 1024w, https:\/\/oliviermetellus.fr\/wp-content\/uploads\/2026\/02\/Groupe_bonneuil20250930-e1771926971848-300x138.jpg 300w, https:\/\/oliviermetellus.fr\/wp-content\/uploads\/2026\/02\/Groupe_bonneuil20250930-e1771926971848-768x352.jpg 768w, https:\/\/oliviermetellus.fr\/wp-content\/uploads\/2026\/02\/Groupe_bonneuil20250930-e1771926971848-1536x704.jpg 1536w, https:\/\/oliviermetellus.fr\/wp-content\/uploads\/2026\/02\/Groupe_bonneuil20250930-e1771926971848.jpg 2040w\" sizes=\"auto, (max-width: 1024px) 100vw, 1024px\" \/><figcaption class=\"wp-element-caption\">Photographie prise suite \u00e0 la r\u00e9union de coordination \u00e0 Bonneuil-sur-Marne \u2014 30 septembre 2025.<\/figcaption><\/figure>\n\n\n\n<div class=\"wp-block-group alignwide is-layout-flow wp-block-group-is-layout-flow\">\n<p><strong><em>Dans le cadre de la remise du Prix du concours Jean M\u00e9tellus 2026, la Maire de Jacmel (Loudie C\u00e9sar) est invit\u00e9e \u00e0 Bonneuil-sur-Marne sur une p\u00e9riode actuellement envisag\u00e9e entre le 6 et le 12 mai 2026. Le calendrier d\u00e9finitif reste en cours de confirmation ; cette page sera mise \u00e0 jour d\u00e8s r\u00e9ception des \u00e9l\u00e9ments officiels.<\/em><\/strong><\/p>\n\n\n\n<p><\/p>\n<\/div>\n\n\n\n<h2 class=\"wp-block-heading alignwide\">Contexte<\/h2>\n\n\n\n<div class=\"wp-block-group alignwide is-layout-flow wp-block-group-is-layout-flow\">\n<p>Le <strong>23 mars dernier<\/strong>, la Mairie de <strong>Bonneuil-sur-Marne<\/strong> a organis\u00e9 la remise des prix du <strong>concours de po\u00e9sie Jean M\u00e9tellus<\/strong>, avec l\u2019appui de l\u2019<strong>Association des Amis de Jean M\u00e9tellus (AAJM)<\/strong>. A mon invitation, une <strong>d\u00e9l\u00e9gation de l\u2019Ambassade d\u2019Ha\u00efti en France<\/strong> y a assist\u00e9. La c\u00e9r\u00e9monie a rassembl\u00e9 un public nombreux \u2014 notamment des jeunes \u2014 et a marqu\u00e9 les esprits par la qualit\u00e9 de l\u2019accueil, l\u2019ambiance, et l\u2019attention port\u00e9e \u00e0 l\u2019accessibilit\u00e9, avec notamment une <strong>traduction en LSF<\/strong>.<\/p>\n<\/div>\n\n\n\n<h2 class=\"wp-block-heading alignwide\">Une dynamique Jacmel\u2013Bonneuil<\/h2>\n\n\n\n<div class=\"wp-block-group alignwide is-layout-flow wp-block-group-is-layout-flow\">\n<p>\u00c0 la suite de cette r\u00e9ussite, l\u2019Ambassade a \u00e9voqu\u00e9 la possibilit\u00e9 d\u2019un <strong>rapprochement culturel entre Jacmel et Bonneuil<\/strong>, en \u00e9cho \u00e0 une histoire et \u00e0 des liens d\u00e9j\u00e0 \u00e9tablis : <strong>Jean M\u00e9tellus<\/strong>, natif de <strong>Jacmel<\/strong>, est <strong>citoyen d\u2019honneur de Bonneuil<\/strong>.<\/p>\n<\/div>\n\n\n\n<h2 class=\"wp-block-heading alignwide\">Une \u00e9tape d\u00e9cisive : la r\u00e9union du 30 septembre<\/h2>\n\n\n\n<div class=\"wp-block-group alignwide is-layout-flow wp-block-group-is-layout-flow\">\n<p>Pour donner un cadre concret \u00e0 cette dynamique, j\u2019ai <strong>organis\u00e9 le 30 septembre<\/strong> une rencontre \u00e0 la Mairie de Bonneuil r\u00e9unissant <strong>l\u2019Ambassadeur d\u2019Ha\u00efti<\/strong>, les \u00e9quipes municipales, ainsi qu\u2019un <strong>S\u00e9nateur du Val-de-Marne<\/strong>, proche de longue date de ma famille et tr\u00e8s attach\u00e9 \u00e0 Bonneuil.<br>Cette r\u00e9union a permis de franchir une \u00e9tape majeure : acter le principe d\u2019une <strong>invitation officielle<\/strong> adress\u00e9e \u00e0 la Maire de Jacmel \u00e0 l\u2019occasion de la remise du <strong>Prix Jean M\u00e9tellus 2026<\/strong>.<\/p>\n\n\n\n<p>J\u2019ai assur\u00e9 la mise en relation et la coordination entre les parties prenantes afin de transformer l\u2019intention en d\u00e9marche institutionnelle<\/p>\n<\/div>\n\n\n\n<h2 class=\"wp-block-heading alignwide\">Programme envisag\u00e9<\/h2>\n\n\n\n<div class=\"wp-block-group alignwide is-layout-flow wp-block-group-is-layout-flow\">\n<p>L\u2019<strong>invitation officielle<\/strong> a depuis \u00e9t\u00e9 transmise \u00e0 Madame <strong>Loudie C\u00e9sar<\/strong>. Avec la Mairie de Bonneuil et l\u2019Ambassade, nous travaillons actuellement \u00e0 la construction d\u2019un programme institutionnel et culturel. Au-del\u00e0 de la dimension litt\u00e9raire autour de Jean M\u00e9tellus, la semaine pourrait inclure :<\/p>\n\n\n\n<ul class=\"wp-block-list\">\n<li>une <strong>visite du port industriel de Bonneuil<\/strong>,<\/li>\n\n\n\n<li>des <strong>temps d\u2019\u00e9changes institutionnels<\/strong>,<\/li>\n\n\n\n<li>un <strong>d\u00e9jeuner au S\u00e9nat<\/strong>.<\/li>\n<\/ul>\n\n\n\n<h2 class=\"wp-block-heading alignwide\">Prochaine mise \u00e0 jour<\/h2>\n<\/div>\n\n\n\n<div class=\"wp-block-group alignwide is-layout-flow wp-block-group-is-layout-flow\">\n<p>Statut \u00e0 ce jour : <strong>invitation envoy\u00e9e \u2013 dates et programme en cours de confirmation<\/strong>.<br>Une mise \u00e0 jour sera publi\u00e9e d\u00e8s que le calendrier sera valid\u00e9 \u201cen dur\u201d (billets d&rsquo;avion, visa&#8230;)<\/p>\n<\/div>\n","protected":false},"excerpt":{"rendered":"<p>Invitation en cours pour la venue de la Maire de Jacmel \u00e0 Bonneuil-sur-Marne (6\u201312 mai 2026) \u00e0 l\u2019occasion du Prix Jean M\u00e9tellus 2026. Dates et programme en cours de confirmation.<\/p>\n","protected":false},"author":1,"featured_media":0,"comment_status":"closed","ping_status":"open","sticky":false,"template":"","format":"standard","meta":{"footnotes":""},"categories":[5,4],"tags":[],"class_list":["post-456","post","type-post","status-publish","format-standard","hentry","category-actualites","category-agenda-annonces"],"_links":{"self":[{"href":"https:\/\/oliviermetellus.fr\/index.php\/wp-json\/wp\/v2\/posts\/456","targetHints":{"allow":["GET"]}}],"collection":[{"href":"https:\/\/oliviermetellus.fr\/index.php\/wp-json\/wp\/v2\/posts"}],"about":[{"href":"https:\/\/oliviermetellus.fr\/index.php\/wp-json\/wp\/v2\/types\/post"}],"author":[{"embeddable":true,"href":"https:\/\/oliviermetellus.fr\/index.php\/wp-json\/wp\/v2\/users\/1"}],"replies":[{"embeddable":true,"href":"https:\/\/oliviermetellus.fr\/index.php\/wp-json\/wp\/v2\/comments?post=456"}],"version-history":[{"count":14,"href":"https:\/\/oliviermetellus.fr\/index.php\/wp-json\/wp\/v2\/posts\/456\/revisions"}],"predecessor-version":[{"id":1164,"href":"https:\/\/oliviermetellus.fr\/index.php\/wp-json\/wp\/v2\/posts\/456\/revisions\/1164"}],"wp:attachment":[{"href":"https:\/\/oliviermetellus.fr\/index.php\/wp-json\/wp\/v2\/media?parent=456"}],"wp:term":[{"taxonomy":"category","embeddable":true,"href":"https:\/\/oliviermetellus.fr\/index.php\/wp-json\/wp\/v2\/categories?post=456"},{"taxonomy":"post_tag","embeddable":true,"href":"https:\/\/oliviermetellus.fr\/index.php\/wp-json\/wp\/v2\/tags?post=456"}],"curies":[{"name":"wp","href":"https:\/\/api.w.org\/{rel}","templated":true}]}}