{"id":506,"date":"2025-11-15T19:32:41","date_gmt":"2025-11-15T19:32:41","guid":{"rendered":"https:\/\/oliviermetellus.fr\/?p=506"},"modified":"2026-03-03T18:17:45","modified_gmt":"2026-03-03T18:17:45","slug":"resultats-du-prix-litteraire-jean-metellus-2025","status":"publish","type":"post","link":"https:\/\/oliviermetellus.fr\/index.php\/2025\/11\/15\/resultats-du-prix-litteraire-jean-metellus-2025\/","title":{"rendered":"R\u00e9sultats du Prix litt\u00e9raire Jean M\u00e9tellus 2025"},"content":{"rendered":"\n<figure class=\"wp-block-image size-full\"><img loading=\"lazy\" decoding=\"async\" width=\"707\" height=\"707\" src=\"https:\/\/oliviermetellus.fr\/wp-content\/uploads\/2026\/02\/Breena_portraitv1.jpg\" alt=\"\" class=\"wp-image-509\" srcset=\"https:\/\/oliviermetellus.fr\/wp-content\/uploads\/2026\/02\/Breena_portraitv1.jpg 707w, https:\/\/oliviermetellus.fr\/wp-content\/uploads\/2026\/02\/Breena_portraitv1-300x300.jpg 300w, https:\/\/oliviermetellus.fr\/wp-content\/uploads\/2026\/02\/Breena_portraitv1-150x150.jpg 150w\" sizes=\"auto, (max-width: 707px) 100vw, 707px\" \/><figcaption class=\"wp-element-caption\">Br\u00e9\u00e9na Rose Anadini B\u00e9lizaire &#8211; Laiur\u00e9ate du prix Jean M\u00e9tellus # &#8211; 2025<\/figcaption><\/figure>\n\n\n\n<div class=\"wp-block-group alignwide is-layout-flow wp-block-group-is-layout-flow\">\n<p>L\u2019AAJM et l\u2019AFHES ont annonc\u00e9 le 15 novembre 2025 les r\u00e9sultats de la 3e \u00e9dition du Prix Jean M\u00e9tellus, parrain\u00e9e par Yanick Lahens.<\/p>\n\n\n\n<p>Cette annonce s\u2019inscrit dans un travail de transmission et de mise en relation que je poursuis au long cours, avec mon association l&rsquo;AAJM aux c\u00f4t\u00e9s de notre partenaire pour le Prix (l&rsquo;Association d&rsquo;Franco Ha\u00eftienne d&rsquo;Echanges et de Solidarit\u00e9 du Docteur Jonas Jolivert).<\/p>\n\n\n\n<p>Dans ce cadre, j\u2019assure la mise en relation et la coordination entre l\u2019AAJM, les partenaires et les acteurs institutionnels concern\u00e9s.<\/p>\n<\/div>\n\n\n\n<h2 class=\"wp-block-heading alignwide\">R\u00e9sultats 2025<\/h2>\n\n\n\n<div class=\"wp-block-group alignwide is-layout-flow wp-block-group-is-layout-flow\">\n<ul class=\"wp-block-list\">\n<li><strong>Laur\u00e9ate :<\/strong> <em>Br\u00e9\u00e9na Rose Anadini B\u00e9lizaire<\/em> \u2014 <em>D\u00e9esses de l\u2019exil, ce que le patriarcat n\u2019a pas tu\u00e9<\/em> <\/li>\n\n\n\n<li><strong>Mention sp\u00e9ciale du jury :<\/strong> <em>Geordany Fleurilus<\/em> \u2014 <em>Un millier de saisons pour crever<\/em><\/li>\n<\/ul>\n\n\n\n<p><em>Annonce publi\u00e9e le 15\/11\/2025.<\/em><\/p>\n<\/div>\n\n\n\n<h2 class=\"wp-block-heading alignwide\">Jury<\/h2>\n\n\n\n<div class=\"wp-block-group alignwide is-layout-flow wp-block-group-is-layout-flow\">\n<ul class=\"wp-block-list\">\n<li>Adamson Ginette &#8211; Professeur \u00e9m\u00e9rite de litt\u00e9rature, chercheur et peintre<\/li>\n\n\n\n<li>Charles Watson &#8211; Ecrivain, po\u00e8te et nouvelliste<\/li>\n\n\n\n<li>Clancier Sylvestre &#8211; Ecrivain, po\u00e8te, essayiste et \u00e9diteur<\/li>\n\n\n\n<li>Mouchard Claude &#8211; Professeur \u00e9m\u00e9rite de litt\u00e9rature<\/li>\n\n\n\n<li>Orcel Makenzy \u2013 Ecrivain, po\u00e8te et romancier<\/li>\n<\/ul>\n<\/div>\n\n\n\n<h2 class=\"wp-block-heading alignwide\">Pour aller plus loin<\/h2>\n\n\n\n<div class=\"wp-block-group alignwide is-layout-flow wp-block-group-is-layout-flow\">\n<ul class=\"wp-block-list\">\n<li><strong>Sur ce site :<\/strong> \n<ul class=\"wp-block-list\">\n<li><em>Prix et concours Jean M\u00e9tellus<\/em> (rubrique Culture &amp; transmission)<\/li>\n\n\n\n<li><em>Prix Jean M\u00e9tellus<\/em>, centr\u00e9e sur mon investissement et mon r\u00f4le de coordination <\/li>\n<\/ul>\n<\/li>\n\n\n\n<li><strong>Sur le site de l\u2019AAJM :<\/strong> \n<ul class=\"wp-block-list\">\n<li>page <a href=\"https:\/\/jeanmetellus.com\/le-prix-jean-metellus\/\" data-type=\"link\" data-id=\"https:\/\/jeanmetellus.com\/le-prix-jean-metellus\/\" target=\"_blank\" rel=\"noreferrer noopener\">\u201cPrix Jean M\u00e9tellus\u201d<\/a> <\/li>\n\n\n\n<li>page <a href=\"https:\/\/jeanmetellus.com\/le-prix-jean-metellus-edition-2025\/\" data-type=\"link\" data-id=\"https:\/\/jeanmetellus.com\/le-prix-jean-metellus-edition-2025\/\" target=\"_blank\" rel=\"noreferrer noopener\">\u201c\u00c9dition 2025\u201d<\/a> <\/li>\n<\/ul>\n<\/li>\n<\/ul>\n<\/div>\n","protected":false},"excerpt":{"rendered":"<p>L\u2019AAJM et l\u2019AFHES ont annonc\u00e9 le 15 novembre 2025 les r\u00e9sultats de la 3e \u00e9dition du Prix Jean M\u00e9tellus, parrain\u00e9e par Yanick Lahens. Cette annonce s\u2019inscrit dans un travail de transmission et de mise en relation que je poursuis au long cours, avec mon association l&rsquo;AAJM aux c\u00f4t\u00e9s de notre partenaire pour le Prix (l&rsquo;Association [&hellip;]<\/p>\n","protected":false},"author":1,"featured_media":0,"comment_status":"closed","ping_status":"open","sticky":false,"template":"","format":"standard","meta":{"footnotes":""},"categories":[4],"tags":[7,10,9,8,6],"class_list":["post-506","post","type-post","status-publish","format-standard","hentry","category-agenda-annonces","tag-aajm","tag-francophonie","tag-haiti","tag-litterature","tag-prix-jean-metellus"],"_links":{"self":[{"href":"https:\/\/oliviermetellus.fr\/index.php\/wp-json\/wp\/v2\/posts\/506","targetHints":{"allow":["GET"]}}],"collection":[{"href":"https:\/\/oliviermetellus.fr\/index.php\/wp-json\/wp\/v2\/posts"}],"about":[{"href":"https:\/\/oliviermetellus.fr\/index.php\/wp-json\/wp\/v2\/types\/post"}],"author":[{"embeddable":true,"href":"https:\/\/oliviermetellus.fr\/index.php\/wp-json\/wp\/v2\/users\/1"}],"replies":[{"embeddable":true,"href":"https:\/\/oliviermetellus.fr\/index.php\/wp-json\/wp\/v2\/comments?post=506"}],"version-history":[{"count":8,"href":"https:\/\/oliviermetellus.fr\/index.php\/wp-json\/wp\/v2\/posts\/506\/revisions"}],"predecessor-version":[{"id":860,"href":"https:\/\/oliviermetellus.fr\/index.php\/wp-json\/wp\/v2\/posts\/506\/revisions\/860"}],"wp:attachment":[{"href":"https:\/\/oliviermetellus.fr\/index.php\/wp-json\/wp\/v2\/media?parent=506"}],"wp:term":[{"taxonomy":"category","embeddable":true,"href":"https:\/\/oliviermetellus.fr\/index.php\/wp-json\/wp\/v2\/categories?post=506"},{"taxonomy":"post_tag","embeddable":true,"href":"https:\/\/oliviermetellus.fr\/index.php\/wp-json\/wp\/v2\/tags?post=506"}],"curies":[{"name":"wp","href":"https:\/\/api.w.org\/{rel}","templated":true}]}}