{"id":516,"date":"2025-12-15T17:08:31","date_gmt":"2025-12-15T17:08:31","guid":{"rendered":"https:\/\/oliviermetellus.fr\/?p=516"},"modified":"2026-03-13T13:47:11","modified_gmt":"2026-03-13T13:47:11","slug":"ia-litterature-horizons-du-regard-francophone","status":"publish","type":"post","link":"https:\/\/oliviermetellus.fr\/index.php\/2025\/12\/15\/ia-litterature-horizons-du-regard-francophone\/","title":{"rendered":"IA &amp; litt\u00e9rature \u2014 \u201cHorizons du regard francophone\u201d"},"content":{"rendered":"\n<figure class=\"wp-block-image size-large\"><img loading=\"lazy\" decoding=\"async\" width=\"1024\" height=\"409\" src=\"https:\/\/oliviermetellus.fr\/wp-content\/uploads\/2026\/02\/MAL-20251216-O_Metellus-site-1024x409.jpg\" alt=\"\" class=\"wp-image-519\" srcset=\"https:\/\/oliviermetellus.fr\/wp-content\/uploads\/2026\/02\/MAL-20251216-O_Metellus-site-1024x409.jpg 1024w, https:\/\/oliviermetellus.fr\/wp-content\/uploads\/2026\/02\/MAL-20251216-O_Metellus-site-300x120.jpg 300w, https:\/\/oliviermetellus.fr\/wp-content\/uploads\/2026\/02\/MAL-20251216-O_Metellus-site-768x306.jpg 768w, https:\/\/oliviermetellus.fr\/wp-content\/uploads\/2026\/02\/MAL-20251216-O_Metellus-site-1536x613.jpg 1536w, https:\/\/oliviermetellus.fr\/wp-content\/uploads\/2026\/02\/MAL-20251216-O_Metellus-site.jpg 2000w\" sizes=\"auto, (max-width: 1024px) 100vw, 1024px\" \/><\/figure>\n\n\n\n<div class=\"wp-block-group alignwide is-layout-flow wp-block-group-is-layout-flow\">\n<p>Le lundi 15 d\u00e9cembre 2025, la Maison de l\u2019Am\u00e9rique Latine (Paris 7e) a accueilli la rencontre \u201c<strong>Intelligence Artificielle et Litt\u00e9rature : horizons du regard francophone, \u00e0 travers l\u2019h\u00e9ritage de Jean M\u00e9tellus<\/strong>\u201d.<\/p>\n\n\n\n<p>J\u2019en ai assur\u00e9 <strong>l\u2019organisation<\/strong>, la <strong>mod\u00e9ration<\/strong> et l\u2019<strong>introduction<\/strong>, dans une logique de dialogue entre disciplines et de transmission.<\/p>\n<\/div>\n\n\n\n<h2 class=\"wp-block-heading alignwide\">Rep\u00e8res<\/h2>\n\n\n\n<div class=\"wp-block-group alignwide is-layout-flow wp-block-group-is-layout-flow\">\n<ul class=\"wp-block-list\">\n<li><strong>Date \/ horaire :<\/strong> lundi 15 d\u00e9cembre 2025, 19h\u201320h30 <\/li>\n\n\n\n<li><strong>Lieu :<\/strong> Maison de l\u2019Am\u00e9rique Latine, 217 boulevard Saint-Germain, 75007<\/li>\n\n\n\n<li><strong>Format :<\/strong> \u00e9changes crois\u00e9s (IA \/ litt\u00e9rature) et interm\u00e8des de lecture<\/li>\n<\/ul>\n\n\n\n<h2 class=\"wp-block-heading\">Intervenants<\/h2>\n\n\n\n<h3 class=\"wp-block-heading\">Volet IA<\/h3>\n\n\n\n<ul class=\"wp-block-list\">\n<li>Christophe Ch\u00e9reau \u2014 IA g\u00e9n\u00e9rative et litt\u00e9rature<\/li>\n\n\n\n<li>Roseline Dieudonn\u00e9 \u2014 dynamiques de l\u2019IA dans les pays \u00e9mergents<\/li>\n\n\n\n<li>Khalid Saad Zaghloul \u2014 conclusion (vulgarisation, d\u00e9mystifier les algorithmes)<\/li>\n<\/ul>\n\n\n\n<h3 class=\"wp-block-heading\">Volet litt\u00e9rature \/ pens\u00e9e<\/h3>\n\n\n\n<ul class=\"wp-block-list\">\n<li>Sylvestre Clancier \u2014 \u0153uvre et po\u00e9sie de Jean M\u00e9tellus face aux technologies<\/li>\n\n\n\n<li>Jacques N\u00e9si \u2014 engagement intellectuel et scientifique <\/li>\n<\/ul>\n\n\n\n<h3 class=\"wp-block-heading\">Lectures \/ interm\u00e8des<\/h3>\n\n\n\n<p>Maxime Dumont, Patrick Karl, Mariann Math\u00e9us.<\/p>\n\n\n\n<h2 class=\"wp-block-heading\">Pour aller plus loin<\/h2>\n<\/div>\n\n\n\n<div class=\"wp-block-group alignwide is-layout-flow wp-block-group-is-layout-flow\">\n<ul class=\"wp-block-list\">\n<li><strong><a href=\"https:\/\/jeanmetellus.com\/intelligence-artificielle-et-litterature-horizons-du-regard-francophone-a-la-maison-de-lamerique-latine-dans-lheritage-de-jean-metellus\/\" data-type=\"link\" data-id=\"https:\/\/jeanmetellus.com\/intelligence-artificielle-et-litterature-horizons-du-regard-francophone-a-la-maison-de-lamerique-latine-dans-lheritage-de-jean-metellus\/\" target=\"_blank\" rel=\"noreferrer noopener\">Compte rendu \/ article publi\u00e9 apr\u00e8s la rencontre sur le site de l&rsquo;AAJM<\/a><\/strong><\/li>\n\n\n\n<li><strong>Sur ce site :<\/strong> <em>Interventions &amp; conf\u00e9rences<\/em> (fiche de l\u2019\u00e9v\u00e9nement) + <em>Publications &amp; tribunes<\/em> (si vous en tirez une note\/tribune).<\/li>\n<\/ul>\n<\/div>\n\n\n\n<p><\/p>\n","protected":false},"excerpt":{"rendered":"<p>Le lundi 15 d\u00e9cembre 2025, la Maison de l\u2019Am\u00e9rique Latine (Paris 7e) a accueilli la rencontre \u201cIntelligence Artificielle et Litt\u00e9rature : horizons du regard francophone, \u00e0 travers l\u2019h\u00e9ritage de Jean M\u00e9tellus\u201d. J\u2019en ai assur\u00e9 l\u2019organisation, la mod\u00e9ration et l\u2019introduction, dans une logique de dialogue entre disciplines et de transmission. Rep\u00e8res Intervenants Volet IA Volet litt\u00e9rature [&hellip;]<\/p>\n","protected":false},"author":1,"featured_media":0,"comment_status":"closed","ping_status":"open","sticky":false,"template":"","format":"standard","meta":{"footnotes":""},"categories":[4],"tags":[13],"class_list":["post-516","post","type-post","status-publish","format-standard","hentry","category-agenda-annonces","tag-ia"],"_links":{"self":[{"href":"https:\/\/oliviermetellus.fr\/index.php\/wp-json\/wp\/v2\/posts\/516","targetHints":{"allow":["GET"]}}],"collection":[{"href":"https:\/\/oliviermetellus.fr\/index.php\/wp-json\/wp\/v2\/posts"}],"about":[{"href":"https:\/\/oliviermetellus.fr\/index.php\/wp-json\/wp\/v2\/types\/post"}],"author":[{"embeddable":true,"href":"https:\/\/oliviermetellus.fr\/index.php\/wp-json\/wp\/v2\/users\/1"}],"replies":[{"embeddable":true,"href":"https:\/\/oliviermetellus.fr\/index.php\/wp-json\/wp\/v2\/comments?post=516"}],"version-history":[{"count":6,"href":"https:\/\/oliviermetellus.fr\/index.php\/wp-json\/wp\/v2\/posts\/516\/revisions"}],"predecessor-version":[{"id":675,"href":"https:\/\/oliviermetellus.fr\/index.php\/wp-json\/wp\/v2\/posts\/516\/revisions\/675"}],"wp:attachment":[{"href":"https:\/\/oliviermetellus.fr\/index.php\/wp-json\/wp\/v2\/media?parent=516"}],"wp:term":[{"taxonomy":"category","embeddable":true,"href":"https:\/\/oliviermetellus.fr\/index.php\/wp-json\/wp\/v2\/categories?post=516"},{"taxonomy":"post_tag","embeddable":true,"href":"https:\/\/oliviermetellus.fr\/index.php\/wp-json\/wp\/v2\/tags?post=516"}],"curies":[{"name":"wp","href":"https:\/\/api.w.org\/{rel}","templated":true}]}}