{"id":524,"date":"2025-12-20T22:42:00","date_gmt":"2025-12-20T22:42:00","guid":{"rendered":"https:\/\/oliviermetellus.fr\/?p=524"},"modified":"2026-03-02T14:30:39","modified_gmt":"2026-03-02T14:30:39","slug":"ia-litterature-horizons-du-regard-francophone-maison-de-lamerique-latine-15-12-2025","status":"publish","type":"post","link":"https:\/\/oliviermetellus.fr\/index.php\/2025\/12\/20\/ia-litterature-horizons-du-regard-francophone-maison-de-lamerique-latine-15-12-2025\/","title":{"rendered":"IA &amp; litt\u00e9rature \u2014 \u201cHorizons du regard francophone\u201d (Maison de l\u2019Am\u00e9rique Latine)"},"content":{"rendered":"\n<figure class=\"wp-block-image size-large\"><img loading=\"lazy\" decoding=\"async\" width=\"1024\" height=\"409\" src=\"https:\/\/oliviermetellus.fr\/wp-content\/uploads\/2026\/02\/MAL-20251216-O_Metellus-site-1024x409.jpg\" alt=\"\" class=\"wp-image-519\" srcset=\"https:\/\/oliviermetellus.fr\/wp-content\/uploads\/2026\/02\/MAL-20251216-O_Metellus-site-1024x409.jpg 1024w, https:\/\/oliviermetellus.fr\/wp-content\/uploads\/2026\/02\/MAL-20251216-O_Metellus-site-300x120.jpg 300w, https:\/\/oliviermetellus.fr\/wp-content\/uploads\/2026\/02\/MAL-20251216-O_Metellus-site-768x306.jpg 768w, https:\/\/oliviermetellus.fr\/wp-content\/uploads\/2026\/02\/MAL-20251216-O_Metellus-site-1536x613.jpg 1536w, https:\/\/oliviermetellus.fr\/wp-content\/uploads\/2026\/02\/MAL-20251216-O_Metellus-site.jpg 2000w\" sizes=\"auto, (max-width: 1024px) 100vw, 1024px\" \/><figcaption class=\"wp-element-caption\">Maison de l\u2019Am\u00e9rique Latine \u2014 15 d\u00e9cembre 2025<\/figcaption><\/figure>\n\n\n\n<div class=\"wp-block-group alignwide is-layout-flow wp-block-group-is-layout-flow\">\n<p>Rencontre consacr\u00e9e aux liens entre l&rsquo;IA g\u00e9n\u00e9rative et la litt\u00e9rature, \u00e0 travers l\u2019h\u00e9ritage de Jean M\u00e9tellus, \u00e0 la Maison de l\u2019Am\u00e9rique Latine (Paris 7e).<\/p>\n\n\n\n<p><br>J\u2019en ai assur\u00e9 l\u2019organisation, la mod\u00e9ration et l\u2019introduction.<\/p>\n<\/div>\n\n\n\n<h2 class=\"wp-block-heading alignwide\">Rep\u00e8res<\/h2>\n\n\n\n<div class=\"wp-block-group alignwide is-layout-flow wp-block-group-is-layout-flow\">\n<ul class=\"wp-block-list\">\n<li><strong>Date \/ horaire :<\/strong> lundi 15 d\u00e9cembre 2025, 19h\u201320h30<\/li>\n\n\n\n<li><strong>Lieu :<\/strong> Maison de l\u2019Am\u00e9rique Latine, 217 boulevard Saint-Germain, 75007 Paris<\/li>\n\n\n\n<li><strong>Format :<\/strong> \u00e9changes crois\u00e9s (IA \/ litt\u00e9rature) et interm\u00e8des de lecture<\/li>\n<\/ul>\n<\/div>\n\n\n\n<h2 class=\"wp-block-heading alignwide\">Intervenants<\/h2>\n\n\n\n<div class=\"wp-block-group alignwide is-layout-flow wp-block-group-is-layout-flow\">\n<ul class=\"wp-block-list\">\n<li><strong>Volet IA<\/strong> : Christophe Ch\u00e9reau ; Roseline Dieudonn\u00e9 ; Khalid Saad Zaghloul<\/li>\n\n\n\n<li><strong>Volet litt\u00e9rature \/ pens\u00e9e<\/strong> : Sylvestre Clancier ; Jacques N\u00e9si<\/li>\n\n\n\n<li><strong>Lectures \/ interm\u00e8des<\/strong> : Maxime Dumont ; Patrick Karl ; Mariann Math\u00e9us<\/li>\n<\/ul>\n<\/div>\n\n\n\n<h2 class=\"wp-block-heading alignwide\">Liens<\/h2>\n\n\n\n<div class=\"wp-block-group alignwide is-layout-flow wp-block-group-is-layout-flow\">\n<ul class=\"wp-block-list\">\n<li><a href=\"https:\/\/jeanmetellus.com\/intelligence-artificielle-et-litterature-horizons-du-regard-francophone-a-la-maison-de-lamerique-latine-dans-lheritage-de-jean-metellus\/\" data-type=\"link\" data-id=\"https:\/\/jeanmetellus.com\/intelligence-artificielle-et-litterature-horizons-du-regard-francophone-a-la-maison-de-lamerique-latine-dans-lheritage-de-jean-metellus\/\" target=\"_blank\" rel=\"noreferrer noopener\">Compte rendu \/ article sur les site de l&rsquo;AAJM<\/a><\/li>\n\n\n\n<li><a href=\"https:\/\/www.mal217.org\/fr\" data-type=\"link\" data-id=\"https:\/\/www.mal217.org\/fr\" target=\"_blank\" rel=\"noreferrer noopener\">Maison de l&rsquo;Am\u00e9rique Latine<\/a><\/li>\n<\/ul>\n<\/div>\n\n\n\n<p><\/p>\n","protected":false},"excerpt":{"rendered":"<p>Rencontre consacr\u00e9e aux liens entre l&rsquo;IA g\u00e9n\u00e9rative et la litt\u00e9rature, \u00e0 travers l\u2019h\u00e9ritage de Jean M\u00e9tellus, \u00e0 la Maison de l\u2019Am\u00e9rique Latine (Paris 7e). J\u2019en ai assur\u00e9 l\u2019organisation, la mod\u00e9ration et l\u2019introduction. Rep\u00e8res Intervenants Liens<\/p>\n","protected":false},"author":1,"featured_media":0,"comment_status":"closed","ping_status":"open","sticky":false,"template":"","format":"standard","meta":{"footnotes":""},"categories":[5,11],"tags":[7,13,8,14],"class_list":["post-524","post","type-post","status-publish","format-standard","hentry","category-actualites","category-interventions-conferences","tag-aajm","tag-ia","tag-litterature","tag-maison-de-lamerique-latine"],"_links":{"self":[{"href":"https:\/\/oliviermetellus.fr\/index.php\/wp-json\/wp\/v2\/posts\/524","targetHints":{"allow":["GET"]}}],"collection":[{"href":"https:\/\/oliviermetellus.fr\/index.php\/wp-json\/wp\/v2\/posts"}],"about":[{"href":"https:\/\/oliviermetellus.fr\/index.php\/wp-json\/wp\/v2\/types\/post"}],"author":[{"embeddable":true,"href":"https:\/\/oliviermetellus.fr\/index.php\/wp-json\/wp\/v2\/users\/1"}],"replies":[{"embeddable":true,"href":"https:\/\/oliviermetellus.fr\/index.php\/wp-json\/wp\/v2\/comments?post=524"}],"version-history":[{"count":6,"href":"https:\/\/oliviermetellus.fr\/index.php\/wp-json\/wp\/v2\/posts\/524\/revisions"}],"predecessor-version":[{"id":673,"href":"https:\/\/oliviermetellus.fr\/index.php\/wp-json\/wp\/v2\/posts\/524\/revisions\/673"}],"wp:attachment":[{"href":"https:\/\/oliviermetellus.fr\/index.php\/wp-json\/wp\/v2\/media?parent=524"}],"wp:term":[{"taxonomy":"category","embeddable":true,"href":"https:\/\/oliviermetellus.fr\/index.php\/wp-json\/wp\/v2\/categories?post=524"},{"taxonomy":"post_tag","embeddable":true,"href":"https:\/\/oliviermetellus.fr\/index.php\/wp-json\/wp\/v2\/tags?post=524"}],"curies":[{"name":"wp","href":"https:\/\/api.w.org\/{rel}","templated":true}]}}