{"id":532,"date":"2025-12-26T22:40:00","date_gmt":"2025-12-26T22:40:00","guid":{"rendered":"https:\/\/oliviermetellus.fr\/?p=532"},"modified":"2026-03-13T13:46:25","modified_gmt":"2026-03-13T13:46:25","slug":"hugo-descartes-ia-ce-que-le-debat-oblige-a-penser","status":"publish","type":"post","link":"https:\/\/oliviermetellus.fr\/index.php\/2025\/12\/26\/hugo-descartes-ia-ce-que-le-debat-oblige-a-penser\/","title":{"rendered":"Hugo, Descartes, IA : ce que le d\u00e9bat oblige \u00e0 penser"},"content":{"rendered":"\n<figure class=\"wp-block-image size-large\"><img loading=\"lazy\" decoding=\"async\" width=\"1024\" height=\"768\" src=\"https:\/\/oliviermetellus.fr\/wp-content\/uploads\/2026\/02\/Hugo_Descartes_Metellus_1200h-1-1024x768.png\" alt=\"\" class=\"wp-image-554\" srcset=\"https:\/\/oliviermetellus.fr\/wp-content\/uploads\/2026\/02\/Hugo_Descartes_Metellus_1200h-1-1024x768.png 1024w, https:\/\/oliviermetellus.fr\/wp-content\/uploads\/2026\/02\/Hugo_Descartes_Metellus_1200h-1-300x225.png 300w, https:\/\/oliviermetellus.fr\/wp-content\/uploads\/2026\/02\/Hugo_Descartes_Metellus_1200h-1-768x576.png 768w, https:\/\/oliviermetellus.fr\/wp-content\/uploads\/2026\/02\/Hugo_Descartes_Metellus_1200h-1-1536x1152.png 1536w, https:\/\/oliviermetellus.fr\/wp-content\/uploads\/2026\/02\/Hugo_Descartes_Metellus_1200h-1.png 1600w\" sizes=\"auto, (max-width: 1024px) 100vw, 1024px\" \/><\/figure>\n\n\n\n<div class=\"wp-block-group alignwide is-layout-flow wp-block-group-is-layout-flow\">\n<p>Dans nos \u00e9changes \u201cIA &amp; litt\u00e9rature\u201d du 15 d\u00e9cembre 2025 \u00e0 la Maison de l&rsquo;Am\u00e9rique Latine, deux moments m\u2019ont marqu\u00e9 : un vers de Victor Hugo et un d\u00e9tour par Descartes, les deux propos\u00e9s par le philosophe Castel Jean. \u00c0 chaque fois, la m\u00eame exigence : distinguer ce que l\u2019IA sait faire tr\u00e8s bien\u2026 et ce qu\u2019elle ne remplace pas.<\/p>\n<\/div>\n\n\n\n<h2 class=\"wp-block-heading alignwide\">Informations clefs<\/h2>\n\n\n\n<div class=\"wp-block-group alignwide is-layout-flow wp-block-group-is-layout-flow\">\n<h3 class=\"wp-block-heading\">Hugo : la \u201ccontradiction f\u00e9conde\u201d comme test<\/h3>\n\n\n\n<p>\u00ab <em>Je marcherai les yeux fix\u00e9s sur mes pens\u00e9es.<\/em> \u00bb Le professeur Castel Jean s\u2019arr\u00eate sur ce vers et pose une question d\u00e9cisive : une IA peut-elle produire une contradiction aussi f\u00e9conde \u2014 non pas seulement une phrase \u201cbelle\u201d, mais un choc int\u00e9rieur qui ouvre un sens ?<\/p>\n\n\n\n<h3 class=\"wp-block-heading\">L\u2019exp\u00e9rience d\u2019auteur : vitesse du r\u00e9sum\u00e9, manque d\u2019\u201c\u00e2me\u201d<\/h3>\n\n\n\n<p>Patrick Karl raconte une sc\u00e8ne tr\u00e8s concr\u00e8te : une pi\u00e8ce complexe r\u00e9sum\u00e9e en quelques secondes. L\u2019effet est saisissant, et pourtant quelque chose manque : l\u2019histoire int\u00e9rieure, la raison d\u2019\u00e9crire, le travail vivant de l\u2019interpr\u00e9tation.<\/p>\n\n\n\n<h3 class=\"wp-block-heading\">Descartes : revenir \u00e0 la cause et \u00e0 l\u2019effet<\/h3>\n\n\n\n<p>\u00ab <em>Il ne peut pas y avoir plus de r\u00e9alit\u00e9 dans l\u2019effet que dans la cause.<\/em> \u00bb Cette boussole cart\u00e9sienne remet la question au bon endroit : qu\u2019est-ce qui cause quoi ? Quand on parle d\u2019origine, de fondement, de causalit\u00e9, on touche \u00e0 une zone o\u00f9 le calcul ne suffit plus.<\/p>\n\n\n\n<h3 class=\"wp-block-heading\">Vigilance, sans slogans<\/h3>\n\n\n\n<p>Ces \u00e9changes invitent \u00e0 tenir une ligne simple : reconna\u00eetre les performances (r\u00e9sumer, structurer, acc\u00e9l\u00e9rer) tout en gardant la vigilance sur ce que l\u2019IA ne \u201ccr\u00e9e\u201d pas au sens fort \u2014 la n\u00e9cessit\u00e9 int\u00e9rieure, la responsabilit\u00e9 du sens, la singularit\u00e9 d\u2019une voix.<\/p>\n<\/div>\n\n\n\n<p><\/p>\n","protected":false},"excerpt":{"rendered":"<p>Dans nos \u00e9changes \u201cIA &#038; litt\u00e9rature\u201d du 15 d\u00e9cembre 2025 \u00e0 la Maison de l&rsquo;Am\u00e9rique Latine, deux moments m\u2019ont marqu\u00e9 : un vers de Victor Hugo et un d\u00e9tour par Descartes, les deux propos\u00e9s par le philosophe Castel Jean. \u00c0 chaque fois, la m\u00eame exigence : distinguer ce que l\u2019IA sait faire tr\u00e8s bien\u2026 et ce qu\u2019elle ne remplace pas.<\/p>\n","protected":false},"author":1,"featured_media":0,"comment_status":"closed","ping_status":"open","sticky":false,"template":"","format":"standard","meta":{"footnotes":""},"categories":[5,12],"tags":[13,40],"class_list":["post-532","post","type-post","status-publish","format-standard","hentry","category-actualites","category-publication-tribunes","tag-ia","tag-litterature-transmission"],"_links":{"self":[{"href":"https:\/\/oliviermetellus.fr\/index.php\/wp-json\/wp\/v2\/posts\/532","targetHints":{"allow":["GET"]}}],"collection":[{"href":"https:\/\/oliviermetellus.fr\/index.php\/wp-json\/wp\/v2\/posts"}],"about":[{"href":"https:\/\/oliviermetellus.fr\/index.php\/wp-json\/wp\/v2\/types\/post"}],"author":[{"embeddable":true,"href":"https:\/\/oliviermetellus.fr\/index.php\/wp-json\/wp\/v2\/users\/1"}],"replies":[{"embeddable":true,"href":"https:\/\/oliviermetellus.fr\/index.php\/wp-json\/wp\/v2\/comments?post=532"}],"version-history":[{"count":3,"href":"https:\/\/oliviermetellus.fr\/index.php\/wp-json\/wp\/v2\/posts\/532\/revisions"}],"predecessor-version":[{"id":1309,"href":"https:\/\/oliviermetellus.fr\/index.php\/wp-json\/wp\/v2\/posts\/532\/revisions\/1309"}],"wp:attachment":[{"href":"https:\/\/oliviermetellus.fr\/index.php\/wp-json\/wp\/v2\/media?parent=532"}],"wp:term":[{"taxonomy":"category","embeddable":true,"href":"https:\/\/oliviermetellus.fr\/index.php\/wp-json\/wp\/v2\/categories?post=532"},{"taxonomy":"post_tag","embeddable":true,"href":"https:\/\/oliviermetellus.fr\/index.php\/wp-json\/wp\/v2\/tags?post=532"}],"curies":[{"name":"wp","href":"https:\/\/api.w.org\/{rel}","templated":true}]}}