{"id":536,"date":"2025-11-09T20:10:00","date_gmt":"2025-11-09T20:10:00","guid":{"rendered":"https:\/\/oliviermetellus.fr\/?p=536"},"modified":"2026-03-06T17:03:16","modified_gmt":"2026-03-06T17:03:16","slug":"midan-vicq-nocturne-4-vins-4-oeuvres-8-novembre-2025","status":"publish","type":"post","link":"https:\/\/oliviermetellus.fr\/index.php\/2025\/11\/09\/midan-vicq-nocturne-4-vins-4-oeuvres-8-novembre-2025\/","title":{"rendered":"MIDAN (Vicq) \u2014 Nocturne \u201c4 vins, 4 \u0153uvres\u201d"},"content":{"rendered":"\n<figure class=\"wp-block-image aligncenter size-medium\"><img loading=\"lazy\" decoding=\"async\" width=\"207\" height=\"300\" src=\"https:\/\/oliviermetellus.fr\/wp-content\/uploads\/2026\/02\/Flyer_MIDAN-1-207x300.jpg\" alt=\"\" class=\"wp-image-538\" srcset=\"https:\/\/oliviermetellus.fr\/wp-content\/uploads\/2026\/02\/Flyer_MIDAN-1-207x300.jpg 207w, https:\/\/oliviermetellus.fr\/wp-content\/uploads\/2026\/02\/Flyer_MIDAN-1-706x1024.jpg 706w, https:\/\/oliviermetellus.fr\/wp-content\/uploads\/2026\/02\/Flyer_MIDAN-1-768x1113.jpg 768w, https:\/\/oliviermetellus.fr\/wp-content\/uploads\/2026\/02\/Flyer_MIDAN-1-1060x1536.jpg 1060w, https:\/\/oliviermetellus.fr\/wp-content\/uploads\/2026\/02\/Flyer_MIDAN-1.jpg 1188w\" sizes=\"auto, (max-width: 207px) 100vw, 207px\" \/><\/figure>\n\n\n\n<div class=\"wp-block-group alignwide is-layout-flow wp-block-group-is-layout-flow\">\n<p>Le samedi 8 novembre 2025, le MIDAN (Vicq) a organis\u00e9 une nocturne intitul\u00e9e \u201c4 vins, 4 \u0153uvres\u201d, autour de l\u2019art na\u00eff et de l\u2019exposition temporaire en cours \u201c\u00c9vasions musicales\u201d.<\/p>\n\n\n\n<p>J\u2019y ai assist\u00e9 en spectateur, et j\u2019en ai tir\u00e9 un compte rendu critique publi\u00e9 ensuite.<\/p>\n<\/div>\n\n\n\n<h2 class=\"wp-block-heading alignwide\">Rep\u00e8res<\/h2>\n\n\n\n<div class=\"wp-block-group alignwide is-layout-flow wp-block-group-is-layout-flow\">\n<ul class=\"wp-block-list\">\n<li><strong>Date :<\/strong> 8 novembre 2025 <\/li>\n\n\n\n<li><strong>Lieu :<\/strong> MIDAN \u2014 Mus\u00e9e International d\u2019Art Na\u00eff d\u2019\u00cele-de-France, Vicq<\/li>\n\n\n\n<li><strong>Th\u00e8me :<\/strong> parcours \u201c4 vins, 4 \u0153uvres\u201d avec l&rsquo;exposition <strong>\u201c\u00c9vasions musicales\u201d<\/strong> (<em>All\u00e9gresse collective<\/em>, <em>Invitation \u00e0 la danse<\/em> \u2013 regards crois\u00e9s, <em>Environnements harmonieux<\/em>).<\/li>\n<\/ul>\n\n\n\n<h2 class=\"wp-block-heading\">Pour aller plus loin<\/h2>\n\n\n\n<ul class=\"wp-block-list\">\n<li><a href=\"https:\/\/jeanmetellus.com\/de-jacmel-a-vicq-lart-naif-en-conversation-haiti-italie-france-portugal-et-allemagne\/\" data-type=\"link\" data-id=\"https:\/\/jeanmetellus.com\/de-jacmel-a-vicq-lart-naif-en-conversation-haiti-italie-france-portugal-et-allemagne\/\" target=\"_blank\" rel=\"noreferrer noopener\">Lire mon article, sur l&rsquo;\u00e9v\u00e9nement sur les pages de l&rsquo;AAJM<\/a><\/li>\n\n\n\n<li><a href=\"https:\/\/www.linkedin.com\/posts\/ometellus_artnaaeff-haaefti-jacmel-share-7401746414751387648-4hI5?utm_source=share&amp;utm_medium=member_desktop&amp;rcm=ACoAAB1rRbkBBOhKItopdrjIIEc8Cn01a3Gmur8\" data-type=\"link\" data-id=\"https:\/\/www.linkedin.com\/posts\/ometellus_artnaaeff-haaefti-jacmel-share-7401746414751387648-4hI5?utm_source=share&amp;utm_medium=member_desktop&amp;rcm=ACoAAB1rRbkBBOhKItopdrjIIEc8Cn01a3Gmur8\" target=\"_blank\" rel=\"noreferrer noopener\">Le post linkedin<\/a><\/li>\n<\/ul>\n<\/div>\n\n\n\n<p><\/p>\n","protected":false},"excerpt":{"rendered":"<p>Le samedi 8 novembre 2025, le MIDAN (Vicq) a organis\u00e9 une nocturne intitul\u00e9e \u201c4 vins, 4 \u0153uvres\u201d, autour de l\u2019art na\u00eff et de l\u2019exposition temporaire en cours \u201c\u00c9vasions musicales\u201d. J\u2019y ai assist\u00e9 en spectateur, et j\u2019en ai tir\u00e9 un compte rendu critique publi\u00e9 ensuite. Rep\u00e8res Pour aller plus loin<\/p>\n","protected":false},"author":1,"featured_media":0,"comment_status":"closed","ping_status":"open","sticky":false,"template":"","format":"standard","meta":{"footnotes":""},"categories":[5,4,12],"tags":[7,17,40,16,18,15],"class_list":["post-536","post","type-post","status-publish","format-standard","hentry","category-actualites","category-agenda-annonces","category-publication-tribunes","tag-aajm","tag-art-naif","tag-litterature-transmission","tag-midan","tag-transmission","tag-vicq"],"_links":{"self":[{"href":"https:\/\/oliviermetellus.fr\/index.php\/wp-json\/wp\/v2\/posts\/536","targetHints":{"allow":["GET"]}}],"collection":[{"href":"https:\/\/oliviermetellus.fr\/index.php\/wp-json\/wp\/v2\/posts"}],"about":[{"href":"https:\/\/oliviermetellus.fr\/index.php\/wp-json\/wp\/v2\/types\/post"}],"author":[{"embeddable":true,"href":"https:\/\/oliviermetellus.fr\/index.php\/wp-json\/wp\/v2\/users\/1"}],"replies":[{"embeddable":true,"href":"https:\/\/oliviermetellus.fr\/index.php\/wp-json\/wp\/v2\/comments?post=536"}],"version-history":[{"count":5,"href":"https:\/\/oliviermetellus.fr\/index.php\/wp-json\/wp\/v2\/posts\/536\/revisions"}],"predecessor-version":[{"id":1042,"href":"https:\/\/oliviermetellus.fr\/index.php\/wp-json\/wp\/v2\/posts\/536\/revisions\/1042"}],"wp:attachment":[{"href":"https:\/\/oliviermetellus.fr\/index.php\/wp-json\/wp\/v2\/media?parent=536"}],"wp:term":[{"taxonomy":"category","embeddable":true,"href":"https:\/\/oliviermetellus.fr\/index.php\/wp-json\/wp\/v2\/categories?post=536"},{"taxonomy":"post_tag","embeddable":true,"href":"https:\/\/oliviermetellus.fr\/index.php\/wp-json\/wp\/v2\/tags?post=536"}],"curies":[{"name":"wp","href":"https:\/\/api.w.org\/{rel}","templated":true}]}}