{"id":542,"date":"2026-01-25T21:36:47","date_gmt":"2026-01-25T21:36:47","guid":{"rendered":"https:\/\/oliviermetellus.fr\/?p=542"},"modified":"2026-03-09T09:17:45","modified_gmt":"2026-03-09T09:17:45","slug":"midan-vicq-visite-en-poesie-art-naif-haitien-voix-et-transmission-nuits-de-la-lecture-janv-2026","status":"publish","type":"post","link":"https:\/\/oliviermetellus.fr\/index.php\/2026\/01\/25\/midan-vicq-visite-en-poesie-art-naif-haitien-voix-et-transmission-nuits-de-la-lecture-janv-2026\/","title":{"rendered":"MIDAN (Vicq) \u2014 \u201cVisite en po\u00e9sie\u201d : art na\u00eff ha\u00eftien, voix et transmission (Nuits de la lecture)"},"content":{"rendered":"\n<figure class=\"wp-block-image size-large\"><img loading=\"lazy\" decoding=\"async\" width=\"1024\" height=\"287\" src=\"https:\/\/oliviermetellus.fr\/wp-content\/uploads\/2026\/02\/Equipe_MIDAN_202601-1024x287.jpg\" alt=\"\" class=\"wp-image-544\" srcset=\"https:\/\/oliviermetellus.fr\/wp-content\/uploads\/2026\/02\/Equipe_MIDAN_202601-1024x287.jpg 1024w, https:\/\/oliviermetellus.fr\/wp-content\/uploads\/2026\/02\/Equipe_MIDAN_202601-300x84.jpg 300w, https:\/\/oliviermetellus.fr\/wp-content\/uploads\/2026\/02\/Equipe_MIDAN_202601-768x215.jpg 768w, https:\/\/oliviermetellus.fr\/wp-content\/uploads\/2026\/02\/Equipe_MIDAN_202601-1536x430.jpg 1536w, https:\/\/oliviermetellus.fr\/wp-content\/uploads\/2026\/02\/Equipe_MIDAN_202601.jpg 2048w\" sizes=\"auto, (max-width: 1024px) 100vw, 1024px\" \/><figcaption class=\"wp-element-caption\">Julien Fournier, Olivier M\u00e9tellus, Martine Binet-colas, Lou-Anne Blanchard<\/figcaption><\/figure>\n\n\n\n<div class=\"wp-block-group alignwide is-layout-flow wp-block-group-is-layout-flow\">\n<p>Le 25 janvier 2026, dans le cadre des <strong>Nuits de la lecture<\/strong>, le MIDAN (Vicq) a propos\u00e9 une <strong>visite en po\u00e9sie<\/strong> : un dialogue entre tableaux d\u2019art na\u00eff ha\u00eftien et textes de Jean M\u00e9tellus. <br>Cette soir\u00e9e s\u2019inscrit dans la continuit\u00e9 d\u2019une d\u00e9marche de <strong>transmission<\/strong> engag\u00e9e au mus\u00e9e : une dotation d\u2019ouvrages r\u00e9alis\u00e9e au nom de l\u2019AAJM a contribu\u00e9 \u00e0 faire na\u00eetre ce moment de partage.<\/p>\n<\/div>\n\n\n\n<h2 class=\"wp-block-heading alignwide\">Rep\u00e8res<\/h2>\n\n\n\n<div class=\"wp-block-group alignwide is-layout-flow wp-block-group-is-layout-flow\">\n<ul class=\"wp-block-list\">\n<li><strong>Date :<\/strong> 25 janvier 2026<\/li>\n\n\n\n<li><strong>Lieu :<\/strong> MIDAN \u2014 Mus\u00e9e international d\u2019art na\u00eff (Vicq)<\/li>\n\n\n\n<li><strong>Format :<\/strong> visite \u00e0 deux voix (\u0153uvres \/ textes), lectures et interm\u00e8des<\/li>\n<\/ul>\n<\/div>\n\n\n\n<h2 class=\"wp-block-heading alignwide\">Contexte<\/h2>\n\n\n\n<div class=\"wp-block-group alignwide is-layout-flow wp-block-group-is-layout-flow\">\n<p>\u00c0 la suite de la <strong>dotation de livres<\/strong> que j\u2019ai effectu\u00e9e au mus\u00e9e au nom de l\u2019AAJM, <strong>Martine Binet-Colas<\/strong> (responsable de la biblioth\u00e8que et \u00e9lue de la ville) a souhait\u00e9 prolonger l\u2019\u00e9lan et favoriser un temps fort autour de Jean M\u00e9tellus et de l\u2019art na\u00eff ha\u00eftien.<\/p>\n<\/div>\n\n\n\n<h2 class=\"wp-block-heading alignwide\">Points clefs<\/h2>\n\n\n\n<div class=\"wp-block-group alignwide is-layout-flow wp-block-group-is-layout-flow\">\n<ul class=\"wp-block-list\">\n<li>Des ponts entre <strong>l\u2019image et le texte<\/strong> : \u0153uvres d\u2019art na\u00eff ha\u00eftien et extraits de Jean M\u00e9tellus.<\/li>\n\n\n\n<li>Des lectures port\u00e9es par la <strong>Compagnie \u00e0 Hauteur 2 Voix<\/strong>, avec <strong>Jacques Fournier<\/strong>, dont la mise en voix \u2014 et le choix des <strong>interm\u00e8des musicaux<\/strong> \u2014 ont donn\u00e9 \u00e0 la soir\u00e9e une qualit\u00e9 et une justesse remarqu\u00e9es.<\/li>\n\n\n\n<li>Une illustration concr\u00e8te de ce que peut produire la transmission : un geste simple (donner des livres) qui d\u00e9clenche un \u00e9v\u00e9nement culturel.<\/li>\n<\/ul>\n<\/div>\n\n\n\n<h2 class=\"wp-block-heading alignwide\">Pour aller plus loin<\/h2>\n\n\n\n<div class=\"wp-block-group alignwide is-layout-flow wp-block-group-is-layout-flow\">\n<ul class=\"wp-block-list\">\n<li><strong><a href=\"https:\/\/jeanmetellus.com\/visite-en-poesie-au-midan-lart-naif-haitien-la-voix-et-la-transmission\/\" data-type=\"link\" data-id=\"https:\/\/jeanmetellus.com\/visite-en-poesie-au-midan-lart-naif-haitien-la-voix-et-la-transmission\/\" target=\"_blank\" rel=\"noreferrer noopener\">Mon article (compte rendu)<\/a> <\/strong><\/li>\n\n\n\n<li><strong><a href=\"https:\/\/www.linkedin.com\/feed\/update\/urn:li:activity:7421454414609031168\/\" data-type=\"link\" data-id=\"https:\/\/www.linkedin.com\/feed\/update\/urn:li:activity:7421454414609031168\/\" target=\"_blank\" rel=\"noreferrer noopener\">Mon post LinkedIn (repost et commentaire)<\/a><\/strong><\/li>\n<\/ul>\n<\/div>\n\n\n\n<p><\/p>\n\n\n\n<p><\/p>\n","protected":false},"excerpt":{"rendered":"<p>Le 25 janvier 2026, dans le cadre des Nuits de la lecture, le MIDAN (Vicq) a propos\u00e9 une visite en po\u00e9sie : un dialogue entre tableaux d\u2019art na\u00eff ha\u00eftien et textes de Jean M\u00e9tellus. <\/p>\n","protected":false},"author":1,"featured_media":0,"comment_status":"closed","ping_status":"open","sticky":false,"template":"","format":"standard","meta":{"footnotes":""},"categories":[5,4,12],"tags":[40],"class_list":["post-542","post","type-post","status-publish","format-standard","hentry","category-actualites","category-agenda-annonces","category-publication-tribunes","tag-litterature-transmission"],"_links":{"self":[{"href":"https:\/\/oliviermetellus.fr\/index.php\/wp-json\/wp\/v2\/posts\/542","targetHints":{"allow":["GET"]}}],"collection":[{"href":"https:\/\/oliviermetellus.fr\/index.php\/wp-json\/wp\/v2\/posts"}],"about":[{"href":"https:\/\/oliviermetellus.fr\/index.php\/wp-json\/wp\/v2\/types\/post"}],"author":[{"embeddable":true,"href":"https:\/\/oliviermetellus.fr\/index.php\/wp-json\/wp\/v2\/users\/1"}],"replies":[{"embeddable":true,"href":"https:\/\/oliviermetellus.fr\/index.php\/wp-json\/wp\/v2\/comments?post=542"}],"version-history":[{"count":5,"href":"https:\/\/oliviermetellus.fr\/index.php\/wp-json\/wp\/v2\/posts\/542\/revisions"}],"predecessor-version":[{"id":1306,"href":"https:\/\/oliviermetellus.fr\/index.php\/wp-json\/wp\/v2\/posts\/542\/revisions\/1306"}],"wp:attachment":[{"href":"https:\/\/oliviermetellus.fr\/index.php\/wp-json\/wp\/v2\/media?parent=542"}],"wp:term":[{"taxonomy":"category","embeddable":true,"href":"https:\/\/oliviermetellus.fr\/index.php\/wp-json\/wp\/v2\/categories?post=542"},{"taxonomy":"post_tag","embeddable":true,"href":"https:\/\/oliviermetellus.fr\/index.php\/wp-json\/wp\/v2\/tags?post=542"}],"curies":[{"name":"wp","href":"https:\/\/api.w.org\/{rel}","templated":true}]}}