{"id":546,"date":"2025-11-26T22:19:35","date_gmt":"2025-11-26T22:19:35","guid":{"rendered":"https:\/\/oliviermetellus.fr\/?p=546"},"modified":"2026-03-06T16:24:04","modified_gmt":"2026-03-06T16:24:04","slug":"la-nouvelle-pleiade-prise-de-fonction-comme-secretaire-general-ag-du-26-novembre-2025","status":"publish","type":"post","link":"https:\/\/oliviermetellus.fr\/index.php\/2025\/11\/26\/la-nouvelle-pleiade-prise-de-fonction-comme-secretaire-general-ag-du-26-novembre-2025\/","title":{"rendered":"La Nouvelle Pl\u00e9iade \u2014 prise de fonction comme Secr\u00e9taire g\u00e9n\u00e9ral"},"content":{"rendered":"\n<figure class=\"wp-block-image size-large\"><img loading=\"lazy\" decoding=\"async\" width=\"1024\" height=\"390\" src=\"https:\/\/oliviermetellus.fr\/wp-content\/uploads\/2026\/02\/Fondation_26112025-1024x390.jpg\" alt=\"\" class=\"wp-image-550\" srcset=\"https:\/\/oliviermetellus.fr\/wp-content\/uploads\/2026\/02\/Fondation_26112025-1024x390.jpg 1024w, https:\/\/oliviermetellus.fr\/wp-content\/uploads\/2026\/02\/Fondation_26112025-300x114.jpg 300w, https:\/\/oliviermetellus.fr\/wp-content\/uploads\/2026\/02\/Fondation_26112025-768x293.jpg 768w, https:\/\/oliviermetellus.fr\/wp-content\/uploads\/2026\/02\/Fondation_26112025-1536x585.jpg 1536w, https:\/\/oliviermetellus.fr\/wp-content\/uploads\/2026\/02\/Fondation_26112025.jpg 2000w\" sizes=\"auto, (max-width: 1024px) 100vw, 1024px\" \/><\/figure>\n\n\n\n<div class=\"wp-block-group alignwide is-layout-flow wp-block-group-is-layout-flow\">\n<p>\u00c0 l\u2019issue de l\u2019Assembl\u00e9e g\u00e9n\u00e9rale du <strong>26 novembre 2025<\/strong>, le bureau de l\u2019association <strong>La Nouvelle Pl\u00e9iade<\/strong> a \u00e9t\u00e9 renouvel\u00e9.<br>J\u2019y ai \u00e9t\u00e9 nomm\u00e9 <strong>Secr\u00e9taire g\u00e9n\u00e9ral<\/strong>, aux c\u00f4t\u00e9s de <strong>Malick Diarra<\/strong> (pr\u00e9sident) et <strong>J\u00e9r\u00f4me de Belsunce<\/strong> (tr\u00e9sorier).<\/p>\n<\/div>\n\n\n\n<h2 class=\"wp-block-heading alignwide\">Rep\u00e8res <\/h2>\n\n\n\n<div class=\"wp-block-group alignwide is-layout-flow wp-block-group-is-layout-flow\">\n<ul class=\"wp-block-list\">\n<li><strong>Association :<\/strong> La Nouvelle Pl\u00e9iade (si\u00e8ge : 6 rue Fran\u00e7ois Miron, 75004 Paris) <\/li>\n\n\n\n<li><strong>Date :<\/strong> 26 novembre 2025 (Assembl\u00e9e g\u00e9n\u00e9rale) <\/li>\n\n\n\n<li><strong>Bureau :<\/strong> Malick Diarra (pr\u00e9sident) ; Olivier M\u00e9tellus (secr\u00e9taire g\u00e9n\u00e9ral) ; J\u00e9r\u00f4me de Belsunce (tr\u00e9sorier)<\/li>\n<\/ul>\n<\/div>\n\n\n\n<h2 class=\"wp-block-heading alignwide\">Sens et continuit\u00e9<\/h2>\n\n\n\n<div class=\"wp-block-group alignwide is-layout-flow wp-block-group-is-layout-flow\">\n<p>La Nouvelle Pl\u00e9iade d\u00e9cerne, entre autre, le <strong>Grand Prix international de po\u00e9sie de langue fran\u00e7aise L\u00e9opold S\u00e9dar Senghor<\/strong>, cr\u00e9\u00e9 au milieu des ann\u00e9es 2000, qui distingue chaque ann\u00e9e une \u0153uvre po\u00e9tique illustrant la richesse et la diversit\u00e9 de la langue fran\u00e7aise. <\/p>\n\n\n\n<p><br>En 2006, ce Grand Prix a \u00e9t\u00e9 attribu\u00e9 \u00e0 <strong>Jean M\u00e9tellus<\/strong> pour l\u2019ensemble de son \u0153uvre.<\/p>\n\n\n\n<p>L\u2019objet de l\u2019association \u2014 <strong>d\u00e9fendre et illustrer les langues vernaculaires<\/strong>, dans l\u2019esprit des fondateurs \u2014 s\u2019inscrit pleinement dans une ambition de transmission et de dialogue culturel.<\/p>\n<\/div>\n\n\n\n<h2 class=\"wp-block-heading alignwide\">Pour aller plus loin<\/h2>\n\n\n\n<div class=\"wp-block-group alignwide is-layout-flow wp-block-group-is-layout-flow\">\n<ul class=\"wp-block-list\">\n<li>Sur ce site : page <strong><a href=\"https:\/\/oliviermetellus.fr\/index.php\/culture-transmission\/\" data-type=\"page\" data-id=\"68\">Culture &amp; transmission<\/a><\/strong> <\/li>\n\n\n\n<li><a href=\"https:\/\/oliviermetellus.fr\/index.php\/projets-realisations\/\" data-type=\"page\" data-id=\"686\">Projets &amp; r\u00e9alisations<\/a> : A venir &#8211; dossier \u201cGrand Prix Senghor \/ La Nouvelle Pl\u00e9iade\u201d (rep\u00e8res, laur\u00e9ats, mentions)<\/li>\n<\/ul>\n<\/div>\n\n\n\n<p><\/p>\n","protected":false},"excerpt":{"rendered":"<p>\u00c0 l\u2019issue de l\u2019Assembl\u00e9e g\u00e9n\u00e9rale du 26 novembre 2025, le bureau de l\u2019association La Nouvelle Pl\u00e9iade a \u00e9t\u00e9 renouvel\u00e9.J\u2019y ai \u00e9t\u00e9 nomm\u00e9 Secr\u00e9taire g\u00e9n\u00e9ral, aux c\u00f4t\u00e9s de Malick Diarra (pr\u00e9sident) et J\u00e9r\u00f4me de Belsunce (tr\u00e9sorier). Rep\u00e8res Sens et continuit\u00e9 La Nouvelle Pl\u00e9iade d\u00e9cerne, entre autre, le Grand Prix international de po\u00e9sie de langue fran\u00e7aise L\u00e9opold [&hellip;]<\/p>\n","protected":false},"author":1,"featured_media":0,"comment_status":"closed","ping_status":"open","sticky":false,"template":"","format":"standard","meta":{"footnotes":""},"categories":[5,4],"tags":[10,20,19,22,21],"class_list":["post-546","post","type-post","status-publish","format-standard","hentry","category-actualites","category-agenda-annonces","tag-francophonie","tag-gouvernance","tag-nouvelle-pleiade","tag-poesie","tag-prix-senghor"],"_links":{"self":[{"href":"https:\/\/oliviermetellus.fr\/index.php\/wp-json\/wp\/v2\/posts\/546","targetHints":{"allow":["GET"]}}],"collection":[{"href":"https:\/\/oliviermetellus.fr\/index.php\/wp-json\/wp\/v2\/posts"}],"about":[{"href":"https:\/\/oliviermetellus.fr\/index.php\/wp-json\/wp\/v2\/types\/post"}],"author":[{"embeddable":true,"href":"https:\/\/oliviermetellus.fr\/index.php\/wp-json\/wp\/v2\/users\/1"}],"replies":[{"embeddable":true,"href":"https:\/\/oliviermetellus.fr\/index.php\/wp-json\/wp\/v2\/comments?post=546"}],"version-history":[{"count":7,"href":"https:\/\/oliviermetellus.fr\/index.php\/wp-json\/wp\/v2\/posts\/546\/revisions"}],"predecessor-version":[{"id":1024,"href":"https:\/\/oliviermetellus.fr\/index.php\/wp-json\/wp\/v2\/posts\/546\/revisions\/1024"}],"wp:attachment":[{"href":"https:\/\/oliviermetellus.fr\/index.php\/wp-json\/wp\/v2\/media?parent=546"}],"wp:term":[{"taxonomy":"category","embeddable":true,"href":"https:\/\/oliviermetellus.fr\/index.php\/wp-json\/wp\/v2\/categories?post=546"},{"taxonomy":"post_tag","embeddable":true,"href":"https:\/\/oliviermetellus.fr\/index.php\/wp-json\/wp\/v2\/tags?post=546"}],"curies":[{"name":"wp","href":"https:\/\/api.w.org\/{rel}","templated":true}]}}