{"id":557,"date":"2025-11-25T07:37:00","date_gmt":"2025-11-25T07:37:00","guid":{"rendered":"https:\/\/oliviermetellus.fr\/?p=557"},"modified":"2026-03-09T09:32:42","modified_gmt":"2026-03-09T09:32:42","slug":"auditer-cest-travailler-la-confiance-leadership-transformationnel","status":"publish","type":"post","link":"https:\/\/oliviermetellus.fr\/index.php\/2025\/11\/25\/auditer-cest-travailler-la-confiance-leadership-transformationnel\/","title":{"rendered":"Auditer, c\u2019est travailler la confiance \u2014 Leadership transformationnel"},"content":{"rendered":"\n<figure class=\"wp-block-image size-full\"><img loading=\"lazy\" decoding=\"async\" width=\"515\" height=\"318\" src=\"https:\/\/oliviermetellus.fr\/wp-content\/uploads\/2026\/02\/IIA_O_Metellus.png\" alt=\"\" class=\"wp-image-559\" srcset=\"https:\/\/oliviermetellus.fr\/wp-content\/uploads\/2026\/02\/IIA_O_Metellus.png 515w, https:\/\/oliviermetellus.fr\/wp-content\/uploads\/2026\/02\/IIA_O_Metellus-300x185.png 300w\" sizes=\"auto, (max-width: 515px) 100vw, 515px\" \/><\/figure>\n\n\n\n<h2 class=\"wp-block-heading alignwide\">Contexte<\/h2>\n\n\n\n<div class=\"wp-block-group alignwide is-layout-flow wp-block-group-is-layout-flow\">\n<p>Ce texte prolonge une communication pr\u00e9par\u00e9e dans le cadre de la <strong>Semaine de l\u2019Audit<\/strong> (25\/11\/2025 &#8211; IIA #12 &#8211; El Rancho Port-Au-Prince, Ha\u00efti).<br>Quand on est auditeur interne, on vit au c\u0153ur de la confiance de l\u2019organisation : celle des \u00e9quipes, des dirigeants, des parties prenantes. Dans un monde complexe, la transformation commence par la confiance \u2014 et elle se prouve par des actes.<\/p>\n\n\n\n<p>Merci \u00e0 Nathana\u00ebl Jean-Louis et Leila Joseph pour leur patiente et leur confiance.<\/p>\n<\/div>\n\n\n\n<h2 class=\"wp-block-heading alignwide\">1) La confiance comme architecture (Ali Armand)<\/h2>\n\n\n\n<div class=\"wp-block-group alignwide is-layout-flow wp-block-group-is-layout-flow\">\n<p>Dans <em>Confiance et leadership<\/em> (ESF, 2016), <strong>Ali Armand<\/strong> d\u00e9crit un \u201cnouveau normal\u201d fait d\u2019incertitude, de changements permanents et de complexit\u00e9. Dans cet environnement, le leadership ne se r\u00e9duit plus \u00e0 l\u2019expertise ou \u00e0 la proc\u00e9dure : il devient capacit\u00e9 \u00e0 cr\u00e9er les conditions pour que les autres s\u2019engagent, coop\u00e8rent et construisent du sens.<\/p>\n\n\n\n<p>Trois id\u00e9es utiles :<\/p>\n\n\n\n<ul class=\"wp-block-list\">\n<li><strong>La confiance est indissociable du leadership.<\/strong> Le leader n\u2019est pas seulement celui qui sait ; il est celui qui rend possible l\u2019engagement des autres.<\/li>\n\n\n\n<li><strong>La confiance se construit par l\u2019exp\u00e9rience et l\u2019action.<\/strong> Ni slogan, ni posture : une suite de gestes concrets et r\u00e9p\u00e9t\u00e9s :\n<ul class=\"wp-block-list\">\n<li>tenir parole,<\/li>\n\n\n\n<li>\u00eatre coh\u00e9rent entre ce qu\u2019on dit et ce qu\u2019on fait,<\/li>\n\n\n\n<li>reconna\u00eetre les erreurs,<\/li>\n\n\n\n<li>partager l\u2019information,<\/li>\n\n\n\n<li>donner de l\u2019autonomie et du soutien.<\/li>\n<\/ul>\n<\/li>\n\n\n\n<li><strong>La confiance est au c\u0153ur de l\u2019agilit\u00e9 comportementale.<\/strong> Une agilit\u00e9 fond\u00e9e sur l\u2019anticipation, la coop\u00e9ration et la capacit\u00e9 \u00e0 s\u2019ajuster ensemble \u2014 donc profond\u00e9ment collective.<\/li>\n<\/ul>\n\n\n\n<p>En filigrane, on retrouve les piliers du leadership transformationnel : donner du sens, inspirer, d\u00e9velopper les personnes, cr\u00e9er un climat o\u00f9 les \u00e9quipes peuvent se transformer par elles-m\u00eames.<\/p>\n<\/div>\n\n\n\n<h2 class=\"wp-block-heading alignwide\">2) Quand la confiance est dict\u00e9e par les autres<\/h2>\n\n\n\n<div class=\"wp-block-group alignwide is-layout-flow wp-block-group-is-layout-flow\">\n<p>La confiance a une particularit\u00e9 : <strong>on ne peut pas se la d\u00e9cerner soi-m\u00eame<\/strong>. La confiance, ce sont les autres qui la disent.<\/p>\n\n\n\n<p>\u00c0 l\u2019occasion de l\u2019annonce de ma nouvelle trajectoire professionnelle, j\u2019ai re\u00e7u des messages d\u2019anciens responsables, de collaborateurs, de coll\u00e8gues et d\u2019amis. Je ne les reprends pas pour en faire un pan\u00e9gyrique, mais parce qu\u2019ils donnent \u00e0 voir, de l\u2019int\u00e9rieur, ce que recouvre concr\u00e8tement un leadership transformationnel.<\/p>\n\n\n\n<h3 class=\"wp-block-heading\">a) Le sens, la coh\u00e9rence, l\u2019engagement<\/h3>\n\n\n\n<p>Trois dimensions reviennent souvent :<\/p>\n\n\n\n<ul class=\"wp-block-list\">\n<li><strong>Donner du sens et relier les disciplines.<\/strong> La transformation ne se limite pas \u00e0 produire des livrables : elle s\u2019inscrit dans une vision et un r\u00e9cit qui relient technique, organisation et finalit\u00e9.<\/li>\n\n\n\n<li><strong>Aligner le dire et le faire.<\/strong> La coh\u00e9rence est observ\u00e9e, puis reconnue : quand le discours n\u2019est pas une fa\u00e7ade, il devient cr\u00e9dible.<\/li>\n\n\n\n<li><strong>Inscrire l\u2019action dans une histoire.<\/strong> Les racines, les filiations, le patrimoine culturel rappellent que la transformation n\u2019est pas une rupture s\u00e8che : elle gagne \u00e0 \u00eatre une continuit\u00e9 habit\u00e9e.<\/li>\n<\/ul>\n\n\n\n<h3 class=\"wp-block-heading\">b) Donner leur chance, cr\u00e9er un climat \u201cpas de probl\u00e8me, que des solutions\u201d<\/h3>\n\n\n\n<p>Des marqueurs tr\u00e8s concrets :<\/p>\n\n\n\n<ul class=\"wp-block-list\">\n<li><strong>Donner sa chance aux personnes.<\/strong> La confiance commence parfois avant la preuve : c\u2019est un pari raisonnable, mais un pari r\u00e9el.<\/li>\n\n\n\n<li><strong>Refuser la culture de la peur.<\/strong> Installer un climat o\u00f9 l\u2019on peut essayer, apprendre, corriger ; parler des probl\u00e8mes suppose une s\u00e9curit\u00e9 psychologique minimale.<\/li>\n\n\n\n<li><strong>Prendre au s\u00e9rieux l\u2019\u00e9quilibre de vie.<\/strong> La performance durable ne se construit pas contre les personnes, mais avec elles.<\/li>\n\n\n\n<li><strong>Allier comp\u00e9tence et humanit\u00e9.<\/strong> Les collaborateurs ne s\u00e9parent pas expertise et qualit\u00e9 relationnelle : c\u2019est l\u2019ensemble qui fonde la confiance.<\/li>\n<\/ul>\n\n\n\n<h3 class=\"wp-block-heading\">c) Cr\u00e9er des ponts, incarner un projet<\/h3>\n\n\n\n<p>Enfin, coll\u00e8gues et amis soulignent une dimension compl\u00e9mentaire : <strong>la capacit\u00e9 \u00e0 cr\u00e9er des ponts<\/strong> \u2014 entre business, acad\u00e9mie, culture ; entre m\u00e9tiers, pays. Un leader transformationnel est souvent reconnu \u00e0 ce qu\u2019il relie, \u00e0 ce qu\u2019il fait circuler, \u00e0 ce qu\u2019il permet.<\/p>\n<\/div>\n\n\n\n<h2 class=\"wp-block-heading alignwide\">3) Le regard des standards : PMI et PRINCE2, plus humains qu\u2019il n\u2019y para\u00eet<\/h2>\n\n\n\n<div class=\"wp-block-group alignwide is-layout-flow wp-block-group-is-layout-flow\">\n<p>On pr\u00e9sente parfois PMI et PRINCE2 comme des cadres \u201ctechniques\u201d. Or, ils accordent une place croissante \u00e0 la dimension humaine.<\/p>\n\n\n\n<h3 class=\"wp-block-heading\">a) C\u00f4t\u00e9 PMI : \u00e9quipe et parties prenantes<\/h3>\n\n\n\n<p>Le <strong>PMBOK (7e \u00e9dition)<\/strong> met l\u2019accent sur des domaines de performance, notamment <strong>l\u2019\u00e9quipe<\/strong> et <strong>les parties prenantes<\/strong>.<br>On y retrouve : environnements favorables \u00e0 la haute performance, culture d\u2019apprentissage, leadership partag\u00e9, relations productives, engagement actif dans la d\u00e9cision et l\u2019ex\u00e9cution.<\/p>\n\n\n\n<p>Pour l\u2019audit interne, cela signifie qu\u2019\u00e9valuer une transformation ne revient pas seulement \u00e0 v\u00e9rifier le triangle co\u00fbt\u2013d\u00e9lai\u2013qualit\u00e9 : il faut aussi regarder la qualit\u00e9 de l\u2019engagement, le climat de confiance, la capacit\u00e9 \u00e0 apprendre.<\/p>\n\n\n\n<h3 class=\"wp-block-heading\">b) C\u00f4t\u00e9 PRINCE2 : gouvernance, r\u00f4les et confiance<\/h3>\n\n\n\n<p>Plusieurs principes PRINCE2 sont intimement li\u00e9s \u00e0 la confiance :<\/p>\n\n\n\n<ul class=\"wp-block-list\">\n<li><strong>R\u00f4les et responsabilit\u00e9s d\u00e9finis.<\/strong> La clart\u00e9 r\u00e9duit les non-dits et les zones grises \u2014 pr\u00e9alable \u00e0 la confiance.<\/li>\n\n\n\n<li><strong>Gestion par exception.<\/strong> On ne remonte qu\u2019en cas de d\u00e9passement des tol\u00e9rances : cela suppose une confiance suffisante pour piloter sans micro-management.<\/li>\n\n\n\n<li><strong>Apprentissage par l\u2019exp\u00e9rience.<\/strong> Le retour d\u2019exp\u00e9rience n\u2019est possible que si l\u2019on peut parler des difficult\u00e9s sans crainte.<\/li>\n<\/ul>\n\n\n\n<p>Au fond, PMI comme PRINCE2 convergent : les m\u00e9thodes structurent le cadre, mais ce sont la confiance et le leadership qui rendent les transformations possibles.<\/p>\n\n\n\n<h2 class=\"wp-block-heading\">4) Ce que cela implique pour les auditeurs internes<\/h2>\n\n\n\n<p>Trois invitations concr\u00e8tes.<\/p>\n\n\n\n<h3 class=\"wp-block-heading\">1) Vous voir comme des leaders de confiance, pas seulement comme des contr\u00f4leurs<\/h3>\n\n\n\n<p>Votre posture peut \u00eatre :<\/p>\n\n\n\n<ul class=\"wp-block-list\">\n<li>soit une posture d\u00e9fiante, qui renforce les jeux de masques ;<\/li>\n\n\n\n<li>soit une posture d\u2019exigence bienveillante, qui s\u00e9curise la parole et ouvre l\u2019am\u00e9lioration.<\/li>\n<\/ul>\n\n\n\n<h3 class=\"wp-block-heading\">2) Int\u00e9grer la confiance dans vos grilles d\u2019analyse<\/h3>\n\n\n\n<p>Quand vous auditez un projet de transformation, vous pouvez aussi vous demander :<\/p>\n\n\n\n<ul class=\"wp-block-list\">\n<li>Les collaborateurs disent-ils qu\u2019on leur donne leur chance ?<\/li>\n\n\n\n<li>Les jeunes entrants se sentent-ils soutenus ?<\/li>\n\n\n\n<li>L\u2019\u00e9quilibre de vie est-il pris en compte ?<\/li>\n\n\n\n<li>Y a-t-il un climat \u201cpas de probl\u00e8me, que des solutions\u201d, ou une culture de la peur ?<\/li>\n\n\n\n<li>Le management cr\u00e9e-t-il des ponts\u2026 ou des silos ?<\/li>\n<\/ul>\n\n\n\n<p>Ces questions sont parfois plus difficiles \u00e0 mesurer qu\u2019un indicateur, mais elles sont d\u00e9cisives pour la p\u00e9rennit\u00e9.<\/p>\n\n\n\n<h3 class=\"wp-block-heading\">3) Pratiquer ce leadership dans vos \u00e9quipes d\u2019audit<\/h3>\n\n\n\n<p>Donner leur chance aux plus jeunes, articuler exigence et respect des vies personnelles, cultiver un r\u00e9cit collectif du sens de la mission : l\u2019exemplarit\u00e9 commence chez soi.<\/p>\n\n\n\n<h2 class=\"wp-block-heading\">Conclusion : quand la confiance devient force de transformation<\/h2>\n\n\n\n<p>Dans un monde complexe, la confiance n\u2019est plus un \u201cplus\u201d : elle est le c\u0153ur du leadership.<\/p>\n\n\n\n<p>Le leadership transformationnel, c\u2019est tr\u00e8s concr\u00e8tement :<\/p>\n\n\n\n<ul class=\"wp-block-list\">\n<li>un chef qui donne sa chance,<\/li>\n\n\n\n<li>un manager qui prot\u00e8ge l\u2019\u00e9quilibre de vie,<\/li>\n\n\n\n<li>un leader qui cr\u00e9e des ponts,<\/li>\n\n\n\n<li>une \u00e9quipe d\u2019audit qui sait dire des choses difficiles sans humilier.<\/li>\n<\/ul>\n\n\n\n<p>Et c\u2019est quand les autres peuvent dire : \u201ctu as \u00e9t\u00e9 le bon chef au bon moment\u201d, \u201ctu sais relier expertise, vision et transmission\u201d, que l\u2019on mesure le mieux ce qu\u2019est la confiance en action.<\/p>\n\n\n\n<p><em>Olivier M\u00e9tellus<\/em><\/p>\n\n\n\n<h2 class=\"wp-block-heading\">Pour aller plus loin (liens)<\/h2>\n\n\n\n<ul class=\"wp-block-list\">\n<li><a href=\"https:\/\/www.linkedin.com\/pulse\/auditer-cest-travailler-la-confiance-olivier-m%25C3%25A9tellus--nikce\/?trackingId=lJ2vWQMUSPeZU%2FSwieMB5w%3D%3D\" data-type=\"link\" data-id=\"https:\/\/www.linkedin.com\/pulse\/auditer-cest-travailler-la-confiance-olivier-m%25C3%25A9tellus--nikce\/?trackingId=lJ2vWQMUSPeZU%2FSwieMB5w%3D%3D\" target=\"_blank\" rel=\"noreferrer noopener\">Lire l&rsquo;article sur linkedIn<\/a><\/li>\n\n\n\n<li><strong><a href=\"https:\/\/oliviermetellus.fr\/index.php\/2021\/10\/11\/lart-dinstaurer-le-continuum-de-la-confiance-le-role-dun-rituel-dequipe\/\" data-type=\"post\" data-id=\"564\">L\u2019Art d\u2019instaurer le continuum de la confiance<\/a><\/strong><\/li>\n\n\n\n<li><strong><a href=\"https:\/\/oliviermetellus.fr\/index.php\/2020\/12\/17\/enpotans-kick-off-meeting-de-lart-et-de-limportance-du-kick-off-meeting-vesyon-kreyol-ayisyen\/\" data-type=\"post\" data-id=\"573\">De l\u2019Art et de l\u2019importance du kick-off meeting<\/a><\/strong><\/li>\n<\/ul>\n<\/div>\n\n\n\n<p><\/p>\n\n\n\n<p><\/p>\n\n\n\n<p><\/p>\n","protected":false},"excerpt":{"rendered":"<p>\u00c0 partir d\u2019une intervention pr\u00e9par\u00e9e pour la Semaine de l\u2019Audit (25\/11\/2025 &#8211; IIA #12 &#8211; El Rancho Port-Au-Prince, Ha\u00efti), une id\u00e9e simple : dans un monde complexe, la transformation commence par la confiance \u2014 et se prouve par des actes.<\/p>\n","protected":false},"author":1,"featured_media":0,"comment_status":"closed","ping_status":"open","sticky":false,"template":"","format":"standard","meta":{"footnotes":""},"categories":[5,11,12],"tags":[23,24,41,25,26,28,27],"class_list":["post-557","post","type-post","status-publish","format-standard","hentry","category-actualites","category-interventions-conferences","category-publication-tribunes","tag-audit","tag-confiance","tag-confiance-cooperation","tag-leadership","tag-pmi","tag-prince2","tag-transformation"],"_links":{"self":[{"href":"https:\/\/oliviermetellus.fr\/index.php\/wp-json\/wp\/v2\/posts\/557","targetHints":{"allow":["GET"]}}],"collection":[{"href":"https:\/\/oliviermetellus.fr\/index.php\/wp-json\/wp\/v2\/posts"}],"about":[{"href":"https:\/\/oliviermetellus.fr\/index.php\/wp-json\/wp\/v2\/types\/post"}],"author":[{"embeddable":true,"href":"https:\/\/oliviermetellus.fr\/index.php\/wp-json\/wp\/v2\/users\/1"}],"replies":[{"embeddable":true,"href":"https:\/\/oliviermetellus.fr\/index.php\/wp-json\/wp\/v2\/comments?post=557"}],"version-history":[{"count":8,"href":"https:\/\/oliviermetellus.fr\/index.php\/wp-json\/wp\/v2\/posts\/557\/revisions"}],"predecessor-version":[{"id":1172,"href":"https:\/\/oliviermetellus.fr\/index.php\/wp-json\/wp\/v2\/posts\/557\/revisions\/1172"}],"wp:attachment":[{"href":"https:\/\/oliviermetellus.fr\/index.php\/wp-json\/wp\/v2\/media?parent=557"}],"wp:term":[{"taxonomy":"category","embeddable":true,"href":"https:\/\/oliviermetellus.fr\/index.php\/wp-json\/wp\/v2\/categories?post=557"},{"taxonomy":"post_tag","embeddable":true,"href":"https:\/\/oliviermetellus.fr\/index.php\/wp-json\/wp\/v2\/tags?post=557"}],"curies":[{"name":"wp","href":"https:\/\/api.w.org\/{rel}","templated":true}]}}