{"id":577,"date":"2025-11-15T15:45:00","date_gmt":"2025-11-15T15:45:00","guid":{"rendered":"https:\/\/oliviermetellus.fr\/?p=577"},"modified":"2026-03-03T18:16:03","modified_gmt":"2026-03-03T18:16:03","slug":"ouvrir-un-nouveau-chapitre-transformation-transmission-francophonie","status":"publish","type":"post","link":"https:\/\/oliviermetellus.fr\/index.php\/2025\/11\/15\/ouvrir-un-nouveau-chapitre-transformation-transmission-francophonie\/","title":{"rendered":"Ouvrir un nouveau chapitre : transformation, transmission, francophonie"},"content":{"rendered":"\n<figure class=\"wp-block-image size-large\"><img loading=\"lazy\" decoding=\"async\" width=\"1024\" height=\"1015\" src=\"https:\/\/oliviermetellus.fr\/wp-content\/uploads\/2026\/02\/OM_Situation-e1772206448847-1024x1015.jpg\" alt=\"\" class=\"wp-image-500\" srcset=\"https:\/\/oliviermetellus.fr\/wp-content\/uploads\/2026\/02\/OM_Situation-e1772206448847-1024x1015.jpg 1024w, https:\/\/oliviermetellus.fr\/wp-content\/uploads\/2026\/02\/OM_Situation-e1772206448847-300x298.jpg 300w, https:\/\/oliviermetellus.fr\/wp-content\/uploads\/2026\/02\/OM_Situation-e1772206448847-150x150.jpg 150w, https:\/\/oliviermetellus.fr\/wp-content\/uploads\/2026\/02\/OM_Situation-e1772206448847-768x762.jpg 768w, https:\/\/oliviermetellus.fr\/wp-content\/uploads\/2026\/02\/OM_Situation-e1772206448847.jpg 1200w\" sizes=\"auto, (max-width: 1024px) 100vw, 1024px\" \/><\/figure>\n\n\n\n<div class=\"wp-block-group alignwide is-layout-flow wp-block-group-is-layout-flow\">\n<p>Cher r\u00e9seau,<\/p>\n\n\n\n<p><br>\u00c0 l\u2019heure o\u00f9 j\u2019ouvre un nouveau chapitre professionnel, je souhaite partager avec vous ce qui m\u2019anime dor\u00e9navant.<\/p>\n\n\n\n<h2 class=\"wp-block-heading\">Mon socle : 30 ans au c\u0153ur des services financiers<\/h2>\n\n\n\n<p>\ud83d\udcca Dipl\u00f4m\u00e9 en M\u00e9thodes Scientifiques de Gestion (Dauphine \u2013 PSL), j\u2019ai consacr\u00e9 30 ans aux services financiers, du scoring et de la data \u00e0 la transformation strat\u00e9gique, chez BNP Paribas (Personal Finance et Cardif).<\/p>\n\n\n\n<h2 class=\"wp-block-heading\">Mon activit\u00e9 aujourd\u2019hui : transformation, changement, formation<\/h2>\n\n\n\n<p>\ud83e\udded J\u2019exerce maintenant en ind\u00e9pendant sur des sujets de transformation, de conduite du changement et de formation. J\u2019interviens toujours comme Senior Training Consultant \u00e0 l\u2019\u00c9cole Polytechnique \u2013 Executive Education.<br>J\u2019ai cette chance car ces derni\u00e8res ann\u00e9es m\u2019ont permis de consolider exp\u00e9riences et ma formation par des certifications pointues (Strat\u00e8ge de la Transformation &#8211; Polytechnique EXED, PfMP\u00ae, Prosci\u00ae, MSP\u00ae, ESSEC Business School) qui m\u2019ont ouvert des portes.<\/p>\n\n\n\n<h2 class=\"wp-block-heading\">Mon ancrage culturel : AAJM, m\u00e9moire et transmission<\/h2>\n\n\n\n<p>\ud83d\udcda Mais mon identit\u00e9 et mes activit\u00e9s sont aussi culturelles. Fils de Jean M\u00e9tellus (neurolinguiste, \u00e9crivain et po\u00e8te ha\u00eftien), je pr\u00e9side l\u2019Association des Amis de Jean M\u00e9tellus &#8211; AAJM depuis plus de 10 ans. Avec les adh\u00e9rents et nos pr\u00e9cieux partenaires, nous animons des rencontres (lectures, conf\u00e9rences, salons du livre\u2026) et proposons des mises en sc\u00e8ne, \u00e0 la Maison de l\u2019Am\u00e9rique Latine, au Quai Branly ou ailleurs. D\u2019autre part, nous organisons des prix et concours litt\u00e9raires, participons \u00e0 des \u00e9ditons, \u00e0 des colloques universitaires et \u00e9changeons avec institutions culturelles et biblioth\u00e8ques ; nous sommes actifs dans l\u2019espace de la litt\u00e9rature francophone \u00e0 travers mon h\u00e9ritage.<\/p>\n\n\n\n<h2 class=\"wp-block-heading\">Relier m\u00e9moire et avenir<\/h2>\n\n\n\n<p>\ud83c\udf10 Cette responsabilit\u00e9 puise dans mes pratiques de consultant : penser le long terme, relier m\u00e9moire et avenir, technique et sens. C\u2019est un privil\u00e8ge pour moi de pouvoir utiliser ce que j\u2019ai appris pour des actions de transmission entre la France et Ha\u00efti en particulier mais aussi dans tout l\u2019Arc francophone.<\/p>\n\n\n\n<h2 class=\"wp-block-heading\">Ouverture<\/h2>\n\n\n\n<p>\ud83e\udd1d Je serai heureux de partager avec vous ma vision d\u2019une Francophonie agissante, tissant des ponts concrets entre les sph\u00e8res \u00e9conomiques, acad\u00e9miques ou culturelles. J\u2019ai d\u00e9j\u00e0, vous vous en doutez ou le savez, des actions en cours. Si ces enjeux r\u00e9sonnent pour vous, vos id\u00e9es, pistes ou conseils me seront pr\u00e9cieux.<\/p>\n\n\n\n<h2 class=\"wp-block-heading\">Pour aller plus loin<\/h2>\n\n\n\n<ul class=\"wp-block-list\">\n<li><a href=\"https:\/\/www.linkedin.com\/feed\/update\/urn:li:activity:7394768483726811136\/?commentUrn=urn%3Ali%3Acomment%3A(activity%3A7394768483726811136%2C7401347477745905665)&amp;dashCommentUrn=urn%3Ali%3Afsd_comment%3A(7401347477745905665%2Curn%3Ali%3Aactivity%3A7394768483726811136)&amp;dashReplyUrn=urn%3Ali%3Afsd_comment%3A(7425295106343321601%2Curn%3Ali%3Aactivity%3A7394768483726811136)&amp;replyUrn=urn%3Ali%3Acomment%3A(activity%3A7394768483726811136%2C7425295106343321601)\" data-type=\"link\" data-id=\"https:\/\/www.linkedin.com\/feed\/update\/urn:li:activity:7394768483726811136\/?commentUrn=urn%3Ali%3Acomment%3A(activity%3A7394768483726811136%2C7401347477745905665)&amp;dashCommentUrn=urn%3Ali%3Afsd_comment%3A(7401347477745905665%2Curn%3Ali%3Aactivity%3A7394768483726811136)&amp;dashReplyUrn=urn%3Ali%3Afsd_comment%3A(7425295106343321601%2Curn%3Ali%3Aactivity%3A7394768483726811136)&amp;replyUrn=urn%3Ali%3Acomment%3A(activity%3A7394768483726811136%2C7425295106343321601)\" target=\"_blank\" rel=\"noreferrer noopener\">Lire l&rsquo;article sur linkedIn<\/a> (pour voir r\u00e9actions et commentaires)<\/li>\n\n\n\n<li>Culture &amp; transmission (AAJM \/ francophonie)<\/li>\n\n\n\n<li>Interventions &amp; conf\u00e9rences<\/li>\n\n\n\n<li>Publications &amp; tribunes<\/li>\n<\/ul>\n<\/div>\n","protected":false},"excerpt":{"rendered":"<p>\u00c0 l\u2019heure o\u00f9 j\u2019ouvre un nouveau chapitre professionnel, je partage ce qui m\u2019anime : transformation, conduite du changement, formation \u2014 et une responsabilit\u00e9 culturelle au service d\u2019une francophonie vivante.<\/p>\n","protected":false},"author":1,"featured_media":0,"comment_status":"closed","ping_status":"open","sticky":false,"template":"","format":"standard","meta":{"footnotes":""},"categories":[5,12],"tags":[],"class_list":["post-577","post","type-post","status-publish","format-standard","hentry","category-actualites","category-publication-tribunes"],"_links":{"self":[{"href":"https:\/\/oliviermetellus.fr\/index.php\/wp-json\/wp\/v2\/posts\/577","targetHints":{"allow":["GET"]}}],"collection":[{"href":"https:\/\/oliviermetellus.fr\/index.php\/wp-json\/wp\/v2\/posts"}],"about":[{"href":"https:\/\/oliviermetellus.fr\/index.php\/wp-json\/wp\/v2\/types\/post"}],"author":[{"embeddable":true,"href":"https:\/\/oliviermetellus.fr\/index.php\/wp-json\/wp\/v2\/users\/1"}],"replies":[{"embeddable":true,"href":"https:\/\/oliviermetellus.fr\/index.php\/wp-json\/wp\/v2\/comments?post=577"}],"version-history":[{"count":5,"href":"https:\/\/oliviermetellus.fr\/index.php\/wp-json\/wp\/v2\/posts\/577\/revisions"}],"predecessor-version":[{"id":857,"href":"https:\/\/oliviermetellus.fr\/index.php\/wp-json\/wp\/v2\/posts\/577\/revisions\/857"}],"wp:attachment":[{"href":"https:\/\/oliviermetellus.fr\/index.php\/wp-json\/wp\/v2\/media?parent=577"}],"wp:term":[{"taxonomy":"category","embeddable":true,"href":"https:\/\/oliviermetellus.fr\/index.php\/wp-json\/wp\/v2\/categories?post=577"},{"taxonomy":"post_tag","embeddable":true,"href":"https:\/\/oliviermetellus.fr\/index.php\/wp-json\/wp\/v2\/tags?post=577"}],"curies":[{"name":"wp","href":"https:\/\/api.w.org\/{rel}","templated":true}]}}