{"id":602,"date":"2026-01-25T11:16:00","date_gmt":"2026-01-25T11:16:00","guid":{"rendered":"https:\/\/oliviermetellus.fr\/?p=602"},"modified":"2026-03-13T15:14:38","modified_gmt":"2026-03-13T15:14:38","slug":"note-de-lecture-irene-lurcat-comment-je-suis-devenu-gros-25-01-2026","status":"publish","type":"post","link":"https:\/\/oliviermetellus.fr\/index.php\/2026\/01\/25\/note-de-lecture-irene-lurcat-comment-je-suis-devenu-gros-25-01-2026\/","title":{"rendered":"Note de lecture \u2014 Ir\u00e8ne Lur\u00e7at : Comment je suis devenu gros"},"content":{"rendered":"\n<div class=\"wp-block-group alignwide is-layout-flow wp-block-group-is-layout-flow\">\n<div class=\"wp-block-columns is-layout-flex wp-container-core-columns-is-layout-28f84493 wp-block-columns-is-layout-flex\">\n<div class=\"wp-block-column is-layout-flow wp-block-column-is-layout-flow\" style=\"flex-basis:66.66%\">\n<div style=\"height:100px\" aria-hidden=\"true\" class=\"wp-block-spacer\"><\/div>\n\n\n\n<p>Pour laisser trace d\u2019une lecture, et saluer une voix amie de l\u2019AAJM, je partage ici une br\u00e8ve note autour de la nouvelle d\u2019Ir\u00e8ne Lur\u00e7at, <em>Comment je suis devenu gros<\/em>.<br>La nouvelle est parue dans le num\u00e9ro 100 de L\u2019encrier renvers\u00e9, Nouvelles \/ Francophonie \u2013 Hiver 2025-2026<\/p>\n<\/div>\n\n\n\n<div class=\"wp-block-column is-layout-flow wp-block-column-is-layout-flow\" style=\"flex-basis:33.33%\">\n<figure class=\"wp-block-image size-medium\"><img loading=\"lazy\" decoding=\"async\" width=\"217\" height=\"300\" src=\"https:\/\/oliviermetellus.fr\/wp-content\/uploads\/2026\/02\/LencrierRenverse-217x300.jpg\" alt=\"\" class=\"wp-image-302\" srcset=\"https:\/\/oliviermetellus.fr\/wp-content\/uploads\/2026\/02\/LencrierRenverse-217x300.jpg 217w, https:\/\/oliviermetellus.fr\/wp-content\/uploads\/2026\/02\/LencrierRenverse-742x1024.jpg 742w, https:\/\/oliviermetellus.fr\/wp-content\/uploads\/2026\/02\/LencrierRenverse-768x1059.jpg 768w, https:\/\/oliviermetellus.fr\/wp-content\/uploads\/2026\/02\/LencrierRenverse-1113x1536.jpg 1113w, https:\/\/oliviermetellus.fr\/wp-content\/uploads\/2026\/02\/LencrierRenverse-1485x2048.jpg 1485w, https:\/\/oliviermetellus.fr\/wp-content\/uploads\/2026\/02\/LencrierRenverse.jpg 1660w\" sizes=\"auto, (max-width: 217px) 100vw, 217px\" \/><\/figure>\n<\/div>\n<\/div>\n\n\n\n<h2 class=\"wp-block-heading\">Informations cl\u00e9s<\/h2>\n\n\n\n<ul class=\"wp-block-list\">\n<li><strong>Parution<\/strong> : <em>L\u2019encrier renvers\u00e9<\/em>, n\u00b0100, Hiver 2025\u20132026<\/li>\n\n\n\n<li><strong>Nature<\/strong> : note de lecture \/ recension<\/li>\n\n\n\n<li><strong>Auteur<\/strong> : Olivier M\u00e9tellus<\/li>\n\n\n\n<li><strong>Texte comment\u00e9<\/strong> : Ir\u00e8ne Lur\u00e7at<\/li>\n\n\n\n<li><strong>Date<\/strong> : 25 janvier 2026<\/li>\n\n\n\n<li><strong>Source<\/strong> : publication initiale sur le site de l\u2019AAJM<\/li>\n<\/ul>\n\n\n\n<h2 class=\"wp-block-heading\">En quelques lignes<\/h2>\n\n\n\n<p>Dans <em>Comment je suis devenu gros<\/em>, Ir\u00e8ne Lur\u00e7at d\u00e9pose une histoire apparemment simple dans une mati\u00e8re plus profonde : celle des fid\u00e9lit\u00e9s, des r\u00e8gles et des fronti\u00e8res int\u00e9rieures \u2014 quand la voix se tait et que le corps, lui, conserve la trace.<\/p>\n\n\n\n<p>Le r\u00e9cit avance par touches, avec pudeur, jusqu\u2019\u00e0 laisser affleurer ce qui p\u00e8se : l\u2019appartenance, la culpabilit\u00e9, l\u2019\u00e9tranget\u00e9 \u2014 et cette mani\u00e8re, parfois, de \u201cse remplir\u201d pour ne pas entendre ce qui trouble.<\/p>\n\n\n\n<h2 class=\"wp-block-heading\">Lire la note compl\u00e8te (AAJM)<\/h2>\n\n\n\n<p>\u2192 <strong><a href=\"https:\/\/jeanmetellus.com\/note-de-lecture-irene-lurcat-comment-je-suis-devenu-gros\/\" target=\"_blank\" rel=\"noreferrer noopener\">Lire l\u2019article sur les pages de l\u2019AAJM<\/a><\/strong> : <em>Note de lecture : Ir\u00e8ne Lur\u00e7at, \u00ab Comment je suis devenu gros \u00bb<\/em><\/p>\n<\/div>\n\n\n\n<p><\/p>\n","protected":false},"excerpt":{"rendered":"<p>Une nouvelle d\u2019apparence simple, mais d\u2019une profondeur rare : le corps comme m\u00e9moire, l\u2019identit\u00e9 comme fronti\u00e8re et le silence comme surcharge intime. Note de lecture publi\u00e9e initialement sur les pages de l\u2019AAJM.<\/p>\n","protected":false},"author":1,"featured_media":0,"comment_status":"closed","ping_status":"open","sticky":false,"template":"","format":"standard","meta":{"footnotes":""},"categories":[5,12],"tags":[7,8,40,35],"class_list":["post-602","post","type-post","status-publish","format-standard","hentry","category-actualites","category-publication-tribunes","tag-aajm","tag-litterature","tag-litterature-transmission","tag-note-de-lecture"],"_links":{"self":[{"href":"https:\/\/oliviermetellus.fr\/index.php\/wp-json\/wp\/v2\/posts\/602","targetHints":{"allow":["GET"]}}],"collection":[{"href":"https:\/\/oliviermetellus.fr\/index.php\/wp-json\/wp\/v2\/posts"}],"about":[{"href":"https:\/\/oliviermetellus.fr\/index.php\/wp-json\/wp\/v2\/types\/post"}],"author":[{"embeddable":true,"href":"https:\/\/oliviermetellus.fr\/index.php\/wp-json\/wp\/v2\/users\/1"}],"replies":[{"embeddable":true,"href":"https:\/\/oliviermetellus.fr\/index.php\/wp-json\/wp\/v2\/comments?post=602"}],"version-history":[{"count":9,"href":"https:\/\/oliviermetellus.fr\/index.php\/wp-json\/wp\/v2\/posts\/602\/revisions"}],"predecessor-version":[{"id":1368,"href":"https:\/\/oliviermetellus.fr\/index.php\/wp-json\/wp\/v2\/posts\/602\/revisions\/1368"}],"wp:attachment":[{"href":"https:\/\/oliviermetellus.fr\/index.php\/wp-json\/wp\/v2\/media?parent=602"}],"wp:term":[{"taxonomy":"category","embeddable":true,"href":"https:\/\/oliviermetellus.fr\/index.php\/wp-json\/wp\/v2\/categories?post=602"},{"taxonomy":"post_tag","embeddable":true,"href":"https:\/\/oliviermetellus.fr\/index.php\/wp-json\/wp\/v2\/tags?post=602"}],"curies":[{"name":"wp","href":"https:\/\/api.w.org\/{rel}","templated":true}]}}