{"id":613,"date":"2026-01-04T13:12:00","date_gmt":"2026-01-04T13:12:00","guid":{"rendered":"https:\/\/oliviermetellus.fr\/?p=613"},"modified":"2026-03-09T09:20:19","modified_gmt":"2026-03-09T09:20:19","slug":"hlive-tv-hommage-a-jean-metellus-4-janvier-2026-echange-pour-la-transmission","status":"publish","type":"post","link":"https:\/\/oliviermetellus.fr\/index.php\/2026\/01\/04\/hlive-tv-hommage-a-jean-metellus-4-janvier-2026-echange-pour-la-transmission\/","title":{"rendered":"HLIVE TV \u2014 Hommage \u00e0 Jean M\u00e9tellus (4 janvier 2026) \u2014 \u00e9change pour la transmission"},"content":{"rendered":"\n<figure class=\"wp-block-image alignwide size-large\"><img loading=\"lazy\" decoding=\"async\" width=\"1024\" height=\"432\" src=\"https:\/\/oliviermetellus.fr\/wp-content\/uploads\/2026\/02\/HLive_TV-1024x432.png\" alt=\"\" class=\"wp-image-615\" srcset=\"https:\/\/oliviermetellus.fr\/wp-content\/uploads\/2026\/02\/HLive_TV-1024x432.png 1024w, https:\/\/oliviermetellus.fr\/wp-content\/uploads\/2026\/02\/HLive_TV-300x127.png 300w, https:\/\/oliviermetellus.fr\/wp-content\/uploads\/2026\/02\/HLive_TV-768x324.png 768w, https:\/\/oliviermetellus.fr\/wp-content\/uploads\/2026\/02\/HLive_TV-1536x649.png 1536w, https:\/\/oliviermetellus.fr\/wp-content\/uploads\/2026\/02\/HLive_TV-2048x865.png 2048w\" sizes=\"auto, (max-width: 1024px) 100vw, 1024px\" \/><\/figure>\n\n\n\n<div class=\"wp-block-group alignwide is-layout-flow wp-block-group-is-layout-flow\">\n<p>\u00c0 l\u2019occasion du 12\u1d49 anniversaire de la disparition de mon p\u00e8re Jean M\u00e9tellus, l\u2019\u00e9mission <em>Ha\u00efti litt\u00e9raire \u00e0 l\u2019antenne<\/em> (HLIVE TV) a consacr\u00e9 un temps d\u2019hommage \u00e0 sa m\u00e9moire et \u00e0 son \u0153uvre.<\/p>\n\n\n\n<h2 class=\"wp-block-heading\">Rep\u00e8res<\/h2>\n\n\n\n<ul class=\"wp-block-list\">\n<li>Date : 4 janvier 2026<\/li>\n\n\n\n<li>Format : \u00e9mission \/ \u00e9change<\/li>\n\n\n\n<li>Cha\u00eene : HLIVE TV &#8211; Ha\u00efti litt\u00e9raire \u00e0 l&rsquo;antenne<\/li>\n\n\n\n<li>Th\u00e8me : hommage, \u0153uvre, transmission<\/li>\n\n\n\n<li>Intervenants : Maxime Dumont et moi dans l&rsquo;\u00e9mission de Maguet Delva <\/li>\n<\/ul>\n\n\n\n<h2 class=\"wp-block-heading\">Mon r\u00f4le<\/h2>\n\n\n\n<p>Invit\u00e9 au nom de l\u2019Association des Amis de Jean M\u00e9tellus (AAJM), en tant que fils ain\u00e9 de Jean M\u00e9tellus, dans un \u00e9change simple au service de la transmission.<\/p>\n\n\n\n<h2 class=\"wp-block-heading\">Liens<\/h2>\n\n\n\n<ul class=\"wp-block-list\">\n<li><a href=\"https:\/\/oliviermetellus.fr\/wp-content\/uploads\/2026\/03\/Interview_Maguet-Delva_Olivier_Metellus_JeanMetellus.pdf\" target=\"_blank\" rel=\"noreferrer noopener\">L&rsquo;interview pr\u00e9alable (PDF)<\/a><\/li>\n\n\n\n<li><a href=\"https:\/\/www.youtube.com\/watch?v=BDM-UGl_lME&amp;t=3531s\" data-type=\"link\" data-id=\"https:\/\/www.youtube.com\/watch?v=BDM-UGl_lME&amp;t=3531s\" target=\"_blank\" rel=\"noreferrer noopener\">Replay (YouTube AAJM)<\/a><\/li>\n\n\n\n<li><a href=\"https:\/\/www.linkedin.com\/posts\/ometellus_samedi-jai-eu-lhonneur-denregistrer-share-7406074080166191104-BYX-?utm_source=share&amp;utm_medium=member_desktop&amp;rcm=ACoAAB1rRbkBBOhKItopdrjIIEc8Cn01a3Gmur8\" data-type=\"link\" data-id=\"https:\/\/www.linkedin.com\/posts\/ometellus_samedi-jai-eu-lhonneur-denregistrer-share-7406074080166191104-BYX-?utm_source=share&amp;utm_medium=member_desktop&amp;rcm=ACoAAB1rRbkBBOhKItopdrjIIEc8Cn01a3Gmur8\" target=\"_blank\" rel=\"noreferrer noopener\">Voir le post LinkedIn<\/a><\/li>\n<\/ul>\n<\/div>\n\n\n\n<p><\/p>\n","protected":false},"excerpt":{"rendered":"<p>\u00c0 l\u2019occasion du 12\u1d49 anniversaire de la disparition de mon p\u00e8re Jean M\u00e9tellus, l\u2019\u00e9mission Ha\u00efti litt\u00e9raire \u00e0 l\u2019antenne (HLIVE TV) a consacr\u00e9 un temps d\u2019hommage \u00e0 sa m\u00e9moire et \u00e0 son \u0153uvre.<\/p>\n","protected":false},"author":1,"featured_media":0,"comment_status":"closed","ping_status":"open","sticky":false,"template":"","format":"standard","meta":{"footnotes":""},"categories":[5,11],"tags":[],"class_list":["post-613","post","type-post","status-publish","format-standard","hentry","category-actualites","category-interventions-conferences"],"_links":{"self":[{"href":"https:\/\/oliviermetellus.fr\/index.php\/wp-json\/wp\/v2\/posts\/613","targetHints":{"allow":["GET"]}}],"collection":[{"href":"https:\/\/oliviermetellus.fr\/index.php\/wp-json\/wp\/v2\/posts"}],"about":[{"href":"https:\/\/oliviermetellus.fr\/index.php\/wp-json\/wp\/v2\/types\/post"}],"author":[{"embeddable":true,"href":"https:\/\/oliviermetellus.fr\/index.php\/wp-json\/wp\/v2\/users\/1"}],"replies":[{"embeddable":true,"href":"https:\/\/oliviermetellus.fr\/index.php\/wp-json\/wp\/v2\/comments?post=613"}],"version-history":[{"count":7,"href":"https:\/\/oliviermetellus.fr\/index.php\/wp-json\/wp\/v2\/posts\/613\/revisions"}],"predecessor-version":[{"id":1308,"href":"https:\/\/oliviermetellus.fr\/index.php\/wp-json\/wp\/v2\/posts\/613\/revisions\/1308"}],"wp:attachment":[{"href":"https:\/\/oliviermetellus.fr\/index.php\/wp-json\/wp\/v2\/media?parent=613"}],"wp:term":[{"taxonomy":"category","embeddable":true,"href":"https:\/\/oliviermetellus.fr\/index.php\/wp-json\/wp\/v2\/categories?post=613"},{"taxonomy":"post_tag","embeddable":true,"href":"https:\/\/oliviermetellus.fr\/index.php\/wp-json\/wp\/v2\/tags?post=613"}],"curies":[{"name":"wp","href":"https:\/\/api.w.org\/{rel}","templated":true}]}}