{"id":620,"date":"2015-01-29T10:49:00","date_gmt":"2015-01-29T10:49:00","guid":{"rendered":"https:\/\/oliviermetellus.fr\/?p=620"},"modified":"2026-03-01T13:42:26","modified_gmt":"2026-03-01T13:42:26","slug":"fiche-mal-hommage-a-jean-metellus-29-01-2015","status":"publish","type":"post","link":"https:\/\/oliviermetellus.fr\/index.php\/2015\/01\/29\/fiche-mal-hommage-a-jean-metellus-29-01-2015\/","title":{"rendered":"Maison de l\u2019Am\u00e9rique Latine \u2014 Hommage \u00e0 Jean M\u00e9tellus : \u201cAnacaona et Hispaniola\u201d"},"content":{"rendered":"\n<figure class=\"wp-block-image aligncenter size-medium\"><img loading=\"lazy\" decoding=\"async\" width=\"300\" height=\"300\" src=\"https:\/\/oliviermetellus.fr\/wp-content\/uploads\/2026\/03\/B_Doucey_O_Metellus-300x300.jpg\" alt=\"\" class=\"wp-image-621\" srcset=\"https:\/\/oliviermetellus.fr\/wp-content\/uploads\/2026\/03\/B_Doucey_O_Metellus-300x300.jpg 300w, https:\/\/oliviermetellus.fr\/wp-content\/uploads\/2026\/03\/B_Doucey_O_Metellus-150x150.jpg 150w, https:\/\/oliviermetellus.fr\/wp-content\/uploads\/2026\/03\/B_Doucey_O_Metellus-768x768.jpg 768w, https:\/\/oliviermetellus.fr\/wp-content\/uploads\/2026\/03\/B_Doucey_O_Metellus.jpg 822w\" sizes=\"auto, (max-width: 300px) 100vw, 300px\" \/><\/figure>\n\n\n\n<div class=\"wp-block-group alignwide is-layout-flow wp-block-group-is-layout-flow\">\n<p>Un an apr\u00e8s la disparition de Jean M\u00e9tellus, cette rencontre \u00e0 la Maison de l\u2019Am\u00e9rique Latine a r\u00e9uni \u00e9diteur, artistes et lecteurs autour d\u2019<strong>Anacaona<\/strong> et de <strong>Rhapsodie pour Hispaniola<\/strong>, dans un esprit de transmission et de fid\u00e9lit\u00e9 \u00e0 l\u2019\u0153uvre.<\/p>\n\n\n\n<h2 class=\"wp-block-heading\">Rep\u00e8res<\/h2>\n\n\n\n<ul class=\"wp-block-list\">\n<li><strong>Date<\/strong> : 29 janvier 2015<\/li>\n\n\n\n<li><strong>Lieu<\/strong> : Maison de l\u2019Am\u00e9rique Latine (Paris)<\/li>\n\n\n\n<li><strong>Format<\/strong> : hommage \/ lectures \/ interpr\u00e9tations sc\u00e9niques<\/li>\n\n\n\n<li><strong>Th\u00e8mes<\/strong> : th\u00e9\u00e2tre, po\u00e9sie, m\u00e9moire, transmission<\/li>\n<\/ul>\n\n\n\n<h2 class=\"wp-block-heading\">Programme (principaux moments)<\/h2>\n\n\n\n<ul class=\"wp-block-list\">\n<li>Pr\u00e9sentation d\u2019<strong>Anacaona<\/strong> (r\u00e9\u00e9dition en 5 langues par le <em>Th\u00e9\u00e2tre des Cara\u00efbes<\/em>) et de <strong>Rhapsodie pour Hispaniola<\/strong> (\u00e9dition posthume, \u00c9ditions Bruno Doucey), avec <strong>Bruno Doucey<\/strong> (\u00e9diteur) et <strong>Jean-Michel Martial<\/strong> (comit\u00e9 de parrainage de l\u2019AAJM).<\/li>\n\n\n\n<li><strong>Lectures<\/strong> : <strong>JYB Slamitt<\/strong> (Jean-Yves Bertogal) et <strong>Mariann Math\u00e9us<\/strong>.<\/li>\n\n\n\n<li><strong>Interpr\u00e9tations sc\u00e9niques<\/strong> : <strong>Jean-Michel Martial<\/strong> et deux actrices (extraits d\u2019<em>Anacaona<\/em>).<\/li>\n\n\n\n<li><strong>Conclusion<\/strong> : <strong>Claude Mouchard<\/strong> (pr\u00e9sident d\u2019honneur de l\u2019AAJM).<\/li>\n\n\n\n<li>Couverture photo : <strong>Philippe Barnoud<\/strong>.<\/li>\n<\/ul>\n\n\n\n<h2 class=\"wp-block-heading\">Mon r\u00f4le<\/h2>\n\n\n\n<p>Discours d\u2019introduction et cadrage de la rencontre, au nom de l\u2019AAJM : sens de l\u2019hommage, continuit\u00e9 de l\u2019\u0153uvre, et horizon de transmission.<\/p>\n\n\n\n<h2 class=\"wp-block-heading\">Liens \/ documents<\/h2>\n\n\n\n<ul class=\"wp-block-list\">\n<li><a href=\"https:\/\/oliviermetellus.fr\/wp-content\/uploads\/2026\/03\/Introduction_MAL_201501.pdf\" data-type=\"link\" data-id=\"https:\/\/oliviermetellus.fr\/wp-content\/uploads\/2026\/03\/Introduction_MAL_201501.pdf\" target=\"_blank\" rel=\"noreferrer noopener\">Discours d\u2019introduction<\/a> (PDF)<\/li>\n\n\n\n<li>Galerie \/ cr\u00e9dit photo : Philippe Barnoud (lien vers la galerie rencontres &amp; diffusion publique) &#8211; cf ancre<\/li>\n<\/ul>\n<\/div>\n\n\n\n<p><\/p>\n","protected":false},"excerpt":{"rendered":"<p>Un an apr\u00e8s la disparition de Jean M\u00e9tellus, cette rencontre \u00e0 la Maison de l\u2019Am\u00e9rique Latine a r\u00e9uni \u00e9diteur, artistes et lecteurs autour d\u2019Anacaona et de Rhapsodie pour Hispaniola, dans un esprit de transmission et de fid\u00e9lit\u00e9 \u00e0 l\u2019\u0153uvre. Rep\u00e8res Programme (principaux moments) Mon r\u00f4le Discours d\u2019introduction et cadrage de la rencontre, au nom de [&hellip;]<\/p>\n","protected":false},"author":1,"featured_media":0,"comment_status":"open","ping_status":"open","sticky":false,"template":"","format":"standard","meta":{"footnotes":""},"categories":[5,11],"tags":[],"class_list":["post-620","post","type-post","status-publish","format-standard","hentry","category-actualites","category-interventions-conferences"],"_links":{"self":[{"href":"https:\/\/oliviermetellus.fr\/index.php\/wp-json\/wp\/v2\/posts\/620","targetHints":{"allow":["GET"]}}],"collection":[{"href":"https:\/\/oliviermetellus.fr\/index.php\/wp-json\/wp\/v2\/posts"}],"about":[{"href":"https:\/\/oliviermetellus.fr\/index.php\/wp-json\/wp\/v2\/types\/post"}],"author":[{"embeddable":true,"href":"https:\/\/oliviermetellus.fr\/index.php\/wp-json\/wp\/v2\/users\/1"}],"replies":[{"embeddable":true,"href":"https:\/\/oliviermetellus.fr\/index.php\/wp-json\/wp\/v2\/comments?post=620"}],"version-history":[{"count":7,"href":"https:\/\/oliviermetellus.fr\/index.php\/wp-json\/wp\/v2\/posts\/620\/revisions"}],"predecessor-version":[{"id":683,"href":"https:\/\/oliviermetellus.fr\/index.php\/wp-json\/wp\/v2\/posts\/620\/revisions\/683"}],"wp:attachment":[{"href":"https:\/\/oliviermetellus.fr\/index.php\/wp-json\/wp\/v2\/media?parent=620"}],"wp:term":[{"taxonomy":"category","embeddable":true,"href":"https:\/\/oliviermetellus.fr\/index.php\/wp-json\/wp\/v2\/categories?post=620"},{"taxonomy":"post_tag","embeddable":true,"href":"https:\/\/oliviermetellus.fr\/index.php\/wp-json\/wp\/v2\/tags?post=620"}],"curies":[{"name":"wp","href":"https:\/\/api.w.org\/{rel}","templated":true}]}}