{"id":629,"date":"2015-01-25T11:01:00","date_gmt":"2015-01-25T11:01:00","guid":{"rendered":"https:\/\/oliviermetellus.fr\/?p=629"},"modified":"2026-03-01T13:42:42","modified_gmt":"2026-03-01T13:42:42","slug":"radio-kon-lambi-entretien-haiti-ne-ma-jamais-quitte-25-janvier-2015","status":"publish","type":"post","link":"https:\/\/oliviermetellus.fr\/index.php\/2015\/01\/25\/radio-kon-lambi-entretien-haiti-ne-ma-jamais-quitte-25-janvier-2015\/","title":{"rendered":"Radio Kon Lambi \u2014 Entretien : \u201cHa\u00efti ne m\u2019a jamais quitt\u00e9\u201d"},"content":{"rendered":"\n<figure class=\"wp-block-image aligncenter size-medium\"><img loading=\"lazy\" decoding=\"async\" width=\"300\" height=\"230\" src=\"https:\/\/oliviermetellus.fr\/wp-content\/uploads\/2026\/03\/logokonlanbi-300x230.png\" alt=\"\" class=\"wp-image-652\" srcset=\"https:\/\/oliviermetellus.fr\/wp-content\/uploads\/2026\/03\/logokonlanbi-300x230.png 300w, https:\/\/oliviermetellus.fr\/wp-content\/uploads\/2026\/03\/logokonlanbi-768x589.png 768w, https:\/\/oliviermetellus.fr\/wp-content\/uploads\/2026\/03\/logokonlanbi.png 854w\" sizes=\"auto, (max-width: 300px) 100vw, 300px\" \/><\/figure>\n\n\n\n<div class=\"wp-block-group alignwide is-layout-flow wp-block-group-is-layout-flow\">\n<p>Entretien r\u00e9alis\u00e9 par Jacques N\u00e9si, autour de la m\u00e9moire de Jean M\u00e9tellus, de la cr\u00e9ation de l\u2019AAJM et des premiers rendez-vous de transmission.<\/p>\n\n\n\n<h2 class=\"wp-block-heading\">Rep\u00e8res<\/h2>\n\n\n\n<ul class=\"wp-block-list\">\n<li>Date : 25 janvier 2015<\/li>\n\n\n\n<li>M\u00e9dia : Emission Kon Lanbi &#8211; Fr\u00e9quence Paris Plurielle-106.3 FM<\/li>\n\n\n\n<li>Journalistes \/ intervenants : Nikkie Andr\u00e9 &#8211; Jacques N\u00e9si<\/li>\n\n\n\n<li>Format : entretien<\/li>\n\n\n\n<li>Th\u00e8mes : h\u00e9ritage, Ha\u00efti, \u0153uvre, lancement de l\u2019AAJM<\/li>\n<\/ul>\n\n\n\n<h2 class=\"wp-block-heading\">Mon r\u00f4le<\/h2>\n\n\n\n<p>Invit\u00e9 \u2014 t\u00e9moignage et pr\u00e9sentation des objectifs de l\u2019association (transmission, rayonnement, actions culturelles).<\/p>\n\n\n\n<h2 class=\"wp-block-heading\">\u00c0 retenir<\/h2>\n\n\n\n<ul class=\"wp-block-list\">\n<li>La cr\u00e9ation de l\u2019AAJM s\u2019inscrit dans une dynamique d\u2019hommages et de continuit\u00e9. kon Lambi25092015<\/li>\n\n\n\n<li>Les premiers jalons : rencontres, r\u00e9\u00e9ditions, lectures, actions de diffusion.<\/li>\n<\/ul>\n\n\n\n<h2 class=\"wp-block-heading\">Liens \/ documents<\/h2>\n\n\n\n<ul class=\"wp-block-list\">\n<li><a href=\"https:\/\/oliviermetellus.fr\/wp-content\/uploads\/2026\/03\/kon-Lambi25012015.pdf\" data-type=\"link\" data-id=\"https:\/\/oliviermetellus.fr\/wp-content\/uploads\/2026\/03\/kon-Lambi25012015.pdf\" target=\"_blank\" rel=\"noreferrer noopener\">Lire l&rsquo;interview <\/a>(PDF)<\/li>\n\n\n\n<li>Replay de l&rsquo;\u00e9mission<\/li>\n<\/ul>\n<\/div>\n\n\n\n<p><\/p>\n","protected":false},"excerpt":{"rendered":"<p>Entretien r\u00e9alis\u00e9 par Jacques N\u00e9si, autour de la m\u00e9moire de Jean M\u00e9tellus, de la cr\u00e9ation de l\u2019AAJM et des premiers rendez-vous de transmission. Rep\u00e8res Mon r\u00f4le Invit\u00e9 \u2014 t\u00e9moignage et pr\u00e9sentation des objectifs de l\u2019association (transmission, rayonnement, actions culturelles). \u00c0 retenir Liens \/ documents<\/p>\n","protected":false},"author":1,"featured_media":0,"comment_status":"open","ping_status":"open","sticky":false,"template":"","format":"standard","meta":{"footnotes":""},"categories":[5,11],"tags":[],"class_list":["post-629","post","type-post","status-publish","format-standard","hentry","category-actualites","category-interventions-conferences"],"_links":{"self":[{"href":"https:\/\/oliviermetellus.fr\/index.php\/wp-json\/wp\/v2\/posts\/629","targetHints":{"allow":["GET"]}}],"collection":[{"href":"https:\/\/oliviermetellus.fr\/index.php\/wp-json\/wp\/v2\/posts"}],"about":[{"href":"https:\/\/oliviermetellus.fr\/index.php\/wp-json\/wp\/v2\/types\/post"}],"author":[{"embeddable":true,"href":"https:\/\/oliviermetellus.fr\/index.php\/wp-json\/wp\/v2\/users\/1"}],"replies":[{"embeddable":true,"href":"https:\/\/oliviermetellus.fr\/index.php\/wp-json\/wp\/v2\/comments?post=629"}],"version-history":[{"count":8,"href":"https:\/\/oliviermetellus.fr\/index.php\/wp-json\/wp\/v2\/posts\/629\/revisions"}],"predecessor-version":[{"id":684,"href":"https:\/\/oliviermetellus.fr\/index.php\/wp-json\/wp\/v2\/posts\/629\/revisions\/684"}],"wp:attachment":[{"href":"https:\/\/oliviermetellus.fr\/index.php\/wp-json\/wp\/v2\/media?parent=629"}],"wp:term":[{"taxonomy":"category","embeddable":true,"href":"https:\/\/oliviermetellus.fr\/index.php\/wp-json\/wp\/v2\/categories?post=629"},{"taxonomy":"post_tag","embeddable":true,"href":"https:\/\/oliviermetellus.fr\/index.php\/wp-json\/wp\/v2\/tags?post=629"}],"curies":[{"name":"wp","href":"https:\/\/api.w.org\/{rel}","templated":true}]}}