{"id":636,"date":"2024-03-22T11:32:00","date_gmt":"2024-03-22T11:32:00","guid":{"rendered":"https:\/\/oliviermetellus.fr\/?p=636"},"modified":"2026-03-01T13:41:32","modified_gmt":"2026-03-01T13:41:32","slug":"le-national-interview-hommage-a-jean-metellus-mars-2024","status":"publish","type":"post","link":"https:\/\/oliviermetellus.fr\/index.php\/2024\/03\/22\/le-national-interview-hommage-a-jean-metellus-mars-2024\/","title":{"rendered":"Le National \u2014 Interview : \u201cHommage \u00e0 Jean M\u00e9tellus\u201d"},"content":{"rendered":"\n<figure class=\"wp-block-image aligncenter size-thumbnail\"><img loading=\"lazy\" decoding=\"async\" width=\"150\" height=\"150\" src=\"https:\/\/oliviermetellus.fr\/wp-content\/uploads\/2026\/02\/40x60-Metellus-Image-150x150.jpg\" alt=\"\" class=\"wp-image-115\"\/><\/figure>\n\n\n\n<div class=\"wp-block-group alignwide is-layout-flow wp-block-group-is-layout-flow\">\n<p>Entretien autour de l\u2019hommage rendu \u00e0 Bonneuil-sur-Marne, dix ans apr\u00e8s la disparition de Jean M\u00e9tellus, et du sens donn\u00e9 au th\u00e8me \u201cLa po\u00e9sie contre les discriminations\u201d.<\/p>\n\n\n\n<h2 class=\"wp-block-heading\">Rep\u00e8res<\/h2>\n\n\n\n<ul class=\"wp-block-list\">\n<li>Date : 22 mars 2024 suite \u00e0 l&rsquo;hommage du 21 mars<\/li>\n\n\n\n<li>M\u00e9dia : <em>Le National<\/em><\/li>\n\n\n\n<li>Journaliste : Schultz Laurent Junior<\/li>\n\n\n\n<li>Format : interview<\/li>\n\n\n\n<li>Th\u00e8mes : po\u00e9sie, discriminations, transmission, ville de Bonneuil-sur-Marne<\/li>\n<\/ul>\n\n\n\n<h2 class=\"wp-block-heading\">Mon r\u00f4le<\/h2>\n\n\n\n<p>Porte-parole : mise en perspective de l\u2019hommage (ville, association, partenaires) et annonce des prolongements (programme, actions, prix).<\/p>\n\n\n\n<h2 class=\"wp-block-heading\">Liens \/ documents<\/h2>\n\n\n\n<ul class=\"wp-block-list\">\n<li><a href=\"https:\/\/oliviermetellus.fr\/wp-content\/uploads\/2026\/03\/InterviewOMHommage-a-Jean-Metellus-lheureux-auteur-de-Au-pipirit-chantant-.pdf\" data-type=\"link\" data-id=\"https:\/\/oliviermetellus.fr\/wp-content\/uploads\/2026\/03\/kon-Lambi25012015.pdf\" target=\"_blank\" rel=\"noreferrer noopener\">Lire l&rsquo;article <\/a>(PDF)<\/li>\n\n\n\n<li><a href=\"https:\/\/www.lenational.org\/post_article.php?cul=1640\" data-type=\"link\" data-id=\"https:\/\/www.lenational.org\/post_article.php?cul=1640\" target=\"_blank\" rel=\"noreferrer noopener\">Lire l&rsquo;article sur le site <strong>Le National<\/strong><\/a><\/li>\n<\/ul>\n<\/div>\n\n\n\n<p><\/p>\n","protected":false},"excerpt":{"rendered":"<p>Entretien autour de l\u2019hommage rendu \u00e0 Bonneuil-sur-Marne, dix ans apr\u00e8s la disparition de Jean M\u00e9tellus, et du sens donn\u00e9 au th\u00e8me \u201cLa po\u00e9sie contre les discriminations\u201d. Rep\u00e8res Mon r\u00f4le Porte-parole : mise en perspective de l\u2019hommage (ville, association, partenaires) et annonce des prolongements (programme, actions, prix). Liens \/ documents<\/p>\n","protected":false},"author":1,"featured_media":0,"comment_status":"open","ping_status":"open","sticky":false,"template":"","format":"standard","meta":{"footnotes":""},"categories":[5,11],"tags":[],"class_list":["post-636","post","type-post","status-publish","format-standard","hentry","category-actualites","category-interventions-conferences"],"_links":{"self":[{"href":"https:\/\/oliviermetellus.fr\/index.php\/wp-json\/wp\/v2\/posts\/636","targetHints":{"allow":["GET"]}}],"collection":[{"href":"https:\/\/oliviermetellus.fr\/index.php\/wp-json\/wp\/v2\/posts"}],"about":[{"href":"https:\/\/oliviermetellus.fr\/index.php\/wp-json\/wp\/v2\/types\/post"}],"author":[{"embeddable":true,"href":"https:\/\/oliviermetellus.fr\/index.php\/wp-json\/wp\/v2\/users\/1"}],"replies":[{"embeddable":true,"href":"https:\/\/oliviermetellus.fr\/index.php\/wp-json\/wp\/v2\/comments?post=636"}],"version-history":[{"count":5,"href":"https:\/\/oliviermetellus.fr\/index.php\/wp-json\/wp\/v2\/posts\/636\/revisions"}],"predecessor-version":[{"id":680,"href":"https:\/\/oliviermetellus.fr\/index.php\/wp-json\/wp\/v2\/posts\/636\/revisions\/680"}],"wp:attachment":[{"href":"https:\/\/oliviermetellus.fr\/index.php\/wp-json\/wp\/v2\/media?parent=636"}],"wp:term":[{"taxonomy":"category","embeddable":true,"href":"https:\/\/oliviermetellus.fr\/index.php\/wp-json\/wp\/v2\/categories?post=636"},{"taxonomy":"post_tag","embeddable":true,"href":"https:\/\/oliviermetellus.fr\/index.php\/wp-json\/wp\/v2\/tags?post=636"}],"curies":[{"name":"wp","href":"https:\/\/api.w.org\/{rel}","templated":true}]}}