{"id":643,"date":"2025-12-15T11:41:00","date_gmt":"2025-12-15T11:41:00","guid":{"rendered":"https:\/\/oliviermetellus.fr\/?p=643"},"modified":"2026-03-09T09:24:11","modified_gmt":"2026-03-09T09:24:11","slug":"entretien-dix-questions-sur-jean-metellus-maguet-delva-decembre-2025","status":"publish","type":"post","link":"https:\/\/oliviermetellus.fr\/index.php\/2025\/12\/15\/entretien-dix-questions-sur-jean-metellus-maguet-delva-decembre-2025\/","title":{"rendered":"Entretien \u2014 \u201cDix questions sur Jean M\u00e9tellus\u201d (Maguet Delva)"},"content":{"rendered":"\n<figure class=\"wp-block-image aligncenter size-large\"><img loading=\"lazy\" decoding=\"async\" width=\"1024\" height=\"483\" src=\"https:\/\/oliviermetellus.fr\/wp-content\/uploads\/2025\/12\/HLive_Delva_Metellus-1024x483.png\" alt=\"\" class=\"wp-image-649\" srcset=\"https:\/\/oliviermetellus.fr\/wp-content\/uploads\/2025\/12\/HLive_Delva_Metellus-1024x483.png 1024w, https:\/\/oliviermetellus.fr\/wp-content\/uploads\/2025\/12\/HLive_Delva_Metellus-300x141.png 300w, https:\/\/oliviermetellus.fr\/wp-content\/uploads\/2025\/12\/HLive_Delva_Metellus-768x362.png 768w, https:\/\/oliviermetellus.fr\/wp-content\/uploads\/2025\/12\/HLive_Delva_Metellus-1536x724.png 1536w, https:\/\/oliviermetellus.fr\/wp-content\/uploads\/2025\/12\/HLive_Delva_Metellus-2048x966.png 2048w\" sizes=\"auto, (max-width: 1024px) 100vw, 1024px\" \/><\/figure>\n\n\n\n<div class=\"wp-block-group alignwide is-layout-flow wp-block-group-is-layout-flow\">\n<p>Entretien structur\u00e9 en \u201cdix questions\u201d, con\u00e7u comme un \u00e9change intime et fid\u00e8le : la figure du p\u00e8re, les rituels d\u2019\u00e9criture, la parole, et l\u2019h\u00e9ritage transmis \u2014 jusque dans mon engagement actuel (AAJM et ponts culturels).<\/p>\n\n\n\n<h2 class=\"wp-block-heading\">Rep\u00e8res<\/h2>\n\n\n\n<ul class=\"wp-block-list\">\n<li>Date : d\u00e9cembre 2025<\/li>\n\n\n\n<li>Format : entretien \u00e9crit (\u201cdix questions\u201d)<\/li>\n\n\n\n<li>Journaliste : Maguet Delva<\/li>\n\n\n\n<li>Th\u00e8mes : filiation, \u00e9criture, parole, h\u00e9ritage, transmission<\/li>\n<\/ul>\n\n\n\n<h2 class=\"wp-block-heading\">Mon r\u00f4le<\/h2>\n\n\n\n<p>R\u00e9pondant \u2014 t\u00e9moignage personnel et mise en perspective de l\u2019h\u00e9ritage dans l\u2019action.<\/p>\n\n\n\n<h2 class=\"wp-block-heading\">Liens \/ documents<\/h2>\n\n\n\n<ul class=\"wp-block-list\">\n<li><a href=\"https:\/\/oliviermetellus.fr\/wp-content\/uploads\/2026\/03\/Interview_Maguet-Delva_Olivier_Metellus_JeanMetellus.pdf\" data-type=\"link\" data-id=\"https:\/\/oliviermetellus.fr\/wp-content\/uploads\/2026\/03\/kon-Lambi25012015.pdf\" target=\"_blank\" rel=\"noreferrer noopener\">Lire l&rsquo;entretien<\/a>(PDF)<\/li>\n\n\n\n<li><a href=\"https:\/\/oliviermetellus.fr\/index.php\/2026\/01\/04\/hlive-tv-hommage-a-jean-metellus-4-janvier-2026-echange-pour-la-transmission\/\" data-type=\"link\" data-id=\"https:\/\/oliviermetellus.fr\/index.php\/2026\/01\/04\/hlive-tv-hommage-a-jean-metellus-4-janvier-2026-echange-pour-la-transmission\/\" target=\"_blank\" rel=\"noreferrer noopener\">Voir l&rsquo;\u00e9mission sur H Live TV<\/a><\/li>\n<\/ul>\n<\/div>\n\n\n\n<p><\/p>\n","protected":false},"excerpt":{"rendered":"<p>Entretien structur\u00e9 en \u201cdix questions\u201d, con\u00e7u comme un \u00e9change intime et fid\u00e8le : la figure du p\u00e8re, les rituels d\u2019\u00e9criture, la parole, et l\u2019h\u00e9ritage transmis \u2014 jusque dans mon engagement actuel (AAJM et ponts culturels).<\/p>\n","protected":false},"author":1,"featured_media":0,"comment_status":"closed","ping_status":"open","sticky":false,"template":"","format":"standard","meta":{"footnotes":""},"categories":[5,11],"tags":[],"class_list":["post-643","post","type-post","status-publish","format-standard","hentry","category-actualites","category-interventions-conferences"],"_links":{"self":[{"href":"https:\/\/oliviermetellus.fr\/index.php\/wp-json\/wp\/v2\/posts\/643","targetHints":{"allow":["GET"]}}],"collection":[{"href":"https:\/\/oliviermetellus.fr\/index.php\/wp-json\/wp\/v2\/posts"}],"about":[{"href":"https:\/\/oliviermetellus.fr\/index.php\/wp-json\/wp\/v2\/types\/post"}],"author":[{"embeddable":true,"href":"https:\/\/oliviermetellus.fr\/index.php\/wp-json\/wp\/v2\/users\/1"}],"replies":[{"embeddable":true,"href":"https:\/\/oliviermetellus.fr\/index.php\/wp-json\/wp\/v2\/comments?post=643"}],"version-history":[{"count":7,"href":"https:\/\/oliviermetellus.fr\/index.php\/wp-json\/wp\/v2\/posts\/643\/revisions"}],"predecessor-version":[{"id":1311,"href":"https:\/\/oliviermetellus.fr\/index.php\/wp-json\/wp\/v2\/posts\/643\/revisions\/1311"}],"wp:attachment":[{"href":"https:\/\/oliviermetellus.fr\/index.php\/wp-json\/wp\/v2\/media?parent=643"}],"wp:term":[{"taxonomy":"category","embeddable":true,"href":"https:\/\/oliviermetellus.fr\/index.php\/wp-json\/wp\/v2\/categories?post=643"},{"taxonomy":"post_tag","embeddable":true,"href":"https:\/\/oliviermetellus.fr\/index.php\/wp-json\/wp\/v2\/tags?post=643"}],"curies":[{"name":"wp","href":"https:\/\/api.w.org\/{rel}","templated":true}]}}