{"id":656,"date":"2023-03-26T12:16:00","date_gmt":"2023-03-26T12:16:00","guid":{"rendered":"https:\/\/oliviermetellus.fr\/?p=656"},"modified":"2026-03-09T08:44:18","modified_gmt":"2026-03-09T08:44:18","slug":"radio-kon-lanbi-prix-jean-metellus-edition-1-annonce-du-laureat-26-mars-2023","status":"publish","type":"post","link":"https:\/\/oliviermetellus.fr\/index.php\/2023\/03\/26\/radio-kon-lanbi-prix-jean-metellus-edition-1-annonce-du-laureat-26-mars-2023\/","title":{"rendered":"Radio Kon Lanbi \u2014 Prix Jean M\u00e9tellus (\u00e9dition #1) : annonce du laur\u00e9at"},"content":{"rendered":"\n<figure class=\"wp-block-image aligncenter size-medium\"><img loading=\"lazy\" decoding=\"async\" width=\"300\" height=\"230\" src=\"https:\/\/oliviermetellus.fr\/wp-content\/uploads\/2026\/03\/logokonlanbi-300x230.png\" alt=\"\" class=\"wp-image-652\" srcset=\"https:\/\/oliviermetellus.fr\/wp-content\/uploads\/2026\/03\/logokonlanbi-300x230.png 300w, https:\/\/oliviermetellus.fr\/wp-content\/uploads\/2026\/03\/logokonlanbi-768x589.png 768w, https:\/\/oliviermetellus.fr\/wp-content\/uploads\/2026\/03\/logokonlanbi.png 854w\" sizes=\"auto, (max-width: 300px) 100vw, 300px\" \/><\/figure>\n\n\n\n<div class=\"wp-block-group alignwide is-layout-flow wp-block-group-is-layout-flow\">\n<p>\u00c9mission consacr\u00e9e \u00e0 l\u2019annonce du laur\u00e9at de la <strong>2\u1d49 \u00e9dition du Prix Jean M\u00e9tellus<\/strong>, dans un \u00e9change radiophonique au service de la litt\u00e9rature et de la transmission.<\/p>\n\n\n\n<h2 class=\"wp-block-heading\">Rep\u00e8res<\/h2>\n\n\n\n<ul class=\"wp-block-list\">\n<li><strong>Date<\/strong> : 26 mars 2023<\/li>\n\n\n\n<li><strong>M\u00e9dia<\/strong> : Radio Kon Lanbi<\/li>\n\n\n\n<li><strong>Format<\/strong> : \u00e9mission \/ annonce officielle<\/li>\n\n\n\n<li><strong>Th\u00e8me<\/strong> : Prix Jean M\u00e9tellus (\u00e9dition #1)<\/li>\n<\/ul>\n\n\n\n<h2 class=\"wp-block-heading\">Intervenants<\/h2>\n\n\n\n<ul class=\"wp-block-list\">\n<li>Animation : <strong>Jacques N\u00e9si<\/strong> et <strong>Nikkie Andr\u00e9<\/strong><\/li>\n\n\n\n<li>Invit\u00e9s : O. M\u00e9tellus ; <strong>Dr Jonas Jolivert<\/strong> (AFHES, co-organisateur du Prix) ; <br>En distanciel d&rsquo;Ha\u00efti : <strong>Witensky Lauvince <\/strong>(laur\u00e9at) ; <strong>Smeev Jerry<\/strong> et <strong>Carl Henry Burin<\/strong> (mentions sp\u00e9ciales)<\/li>\n<\/ul>\n\n\n\n<h2 class=\"wp-block-heading\">Mon r\u00f4le<\/h2>\n\n\n\n<p>Repr\u00e9sentation de l\u2019AAJM et mise en perspective du Prix : sens de la d\u00e9marche, continuit\u00e9 de l\u2019\u0153uvre de Jean M\u00e9tellus, et dynamique de partenariat avec l\u2019AFHES.<\/p>\n\n\n\n<h2 class=\"wp-block-heading\">\u00c0 retenir<\/h2>\n\n\n\n<ul class=\"wp-block-list\">\n<li>L\u2019annonce s\u2019inscrit dans une logique de <strong>rayonnement francophone<\/strong> et de <strong>mise en relation<\/strong> des acteurs culturels.<\/li>\n\n\n\n<li>Le format radio permet une parole accessible, au plus pr\u00e8s des publics.<\/li>\n<\/ul>\n\n\n\n<h2 class=\"wp-block-heading\">Liens \/ documents<\/h2>\n\n\n\n<ul class=\"wp-block-list\">\n<li><a href=\"https:\/\/soundcloud.com\/aajm-1\/12-konlanbihaiti_20230326?si=d6593124a5a240c78542112d3bd1066b&amp;utm_source=clipboard&amp;utm_medium=text&amp;utm_campaign=social_sharing\" data-type=\"link\" data-id=\"https:\/\/soundcloud.com\/aajm-1\/12-konlanbihaiti_20230326?si=d6593124a5a240c78542112d3bd1066b&amp;utm_source=clipboard&amp;utm_medium=text&amp;utm_campaign=social_sharing\" target=\"_blank\" rel=\"noreferrer noopener\">Replay \/ archive audio<\/a> <\/li>\n\n\n\n<li><a href=\"https:\/\/oliviermetellus.fr\/index.php\/prix-concours-jean-metellus\/\" data-type=\"page\" data-id=\"103\" target=\"_blank\" rel=\"noreferrer noopener\">Le prix Jean M\u00e9tellus et le concours de po\u00e9sie Jean M\u00e9tellus sur ce site<\/a><\/li>\n\n\n\n<li><a href=\"https:\/\/jeanmetellus.com\/le-prix-jean-metellus\/\" data-type=\"link\" data-id=\"https:\/\/jeanmetellus.com\/le-prix-jean-metellus\/\" target=\"_blank\" rel=\"noreferrer noopener\">Prix Jean M\u00e9tellus <\/a>(sur les pages de l&rsquo;AAJM)<\/li>\n<\/ul>\n<\/div>\n\n\n\n<p><\/p>\n","protected":false},"excerpt":{"rendered":"<p>\u00c9mission consacr\u00e9e \u00e0 l\u2019annonce du laur\u00e9at de la 2\u1d49 \u00e9dition du Prix Jean M\u00e9tellus, dans un \u00e9change radiophonique au service de la litt\u00e9rature et de la transmission. Rep\u00e8res Intervenants Mon r\u00f4le Repr\u00e9sentation de l\u2019AAJM et mise en perspective du Prix : sens de la d\u00e9marche, continuit\u00e9 de l\u2019\u0153uvre de Jean M\u00e9tellus, et dynamique de partenariat [&hellip;]<\/p>\n","protected":false},"author":1,"featured_media":0,"comment_status":"open","ping_status":"open","sticky":false,"template":"","format":"standard","meta":{"footnotes":""},"categories":[5,11],"tags":[7,39,37,6,38],"class_list":["post-656","post","type-post","status-publish","format-standard","hentry","category-actualites","category-interventions-conferences","tag-aajm","tag-afhes","tag-kon-lanbi","tag-prix-jean-metellus","tag-radio"],"_links":{"self":[{"href":"https:\/\/oliviermetellus.fr\/index.php\/wp-json\/wp\/v2\/posts\/656","targetHints":{"allow":["GET"]}}],"collection":[{"href":"https:\/\/oliviermetellus.fr\/index.php\/wp-json\/wp\/v2\/posts"}],"about":[{"href":"https:\/\/oliviermetellus.fr\/index.php\/wp-json\/wp\/v2\/types\/post"}],"author":[{"embeddable":true,"href":"https:\/\/oliviermetellus.fr\/index.php\/wp-json\/wp\/v2\/users\/1"}],"replies":[{"embeddable":true,"href":"https:\/\/oliviermetellus.fr\/index.php\/wp-json\/wp\/v2\/comments?post=656"}],"version-history":[{"count":12,"href":"https:\/\/oliviermetellus.fr\/index.php\/wp-json\/wp\/v2\/posts\/656\/revisions"}],"predecessor-version":[{"id":1296,"href":"https:\/\/oliviermetellus.fr\/index.php\/wp-json\/wp\/v2\/posts\/656\/revisions\/1296"}],"wp:attachment":[{"href":"https:\/\/oliviermetellus.fr\/index.php\/wp-json\/wp\/v2\/media?parent=656"}],"wp:term":[{"taxonomy":"category","embeddable":true,"href":"https:\/\/oliviermetellus.fr\/index.php\/wp-json\/wp\/v2\/categories?post=656"},{"taxonomy":"post_tag","embeddable":true,"href":"https:\/\/oliviermetellus.fr\/index.php\/wp-json\/wp\/v2\/tags?post=656"}],"curies":[{"name":"wp","href":"https:\/\/api.w.org\/{rel}","templated":true}]}}