{"id":694,"date":"2026-03-01T16:56:37","date_gmt":"2026-03-01T16:56:37","guid":{"rendered":"https:\/\/oliviermetellus.fr\/?p=694"},"modified":"2026-03-09T09:06:22","modified_gmt":"2026-03-09T09:06:22","slug":"jacmel-haiti-bonneuil-sur-marne-pont-culturel-et-invitation-institutionnelle-2026","status":"publish","type":"post","link":"https:\/\/oliviermetellus.fr\/index.php\/2026\/03\/01\/jacmel-haiti-bonneuil-sur-marne-pont-culturel-et-invitation-institutionnelle-2026\/","title":{"rendered":"Jacmel (Ha\u00efti)\u2013 Bonneuil-sur-Marne : pont culturel et invitation institutionnelle (2026)"},"content":{"rendered":"\n<figure class=\"wp-block-image aligncenter size-large\"><img loading=\"lazy\" decoding=\"async\" width=\"1024\" height=\"388\" src=\"https:\/\/oliviermetellus.fr\/wp-content\/uploads\/2026\/03\/Projet_Jacmel_Bonneuil-1024x388.png\" alt=\"\" class=\"wp-image-699\" srcset=\"https:\/\/oliviermetellus.fr\/wp-content\/uploads\/2026\/03\/Projet_Jacmel_Bonneuil-1024x388.png 1024w, https:\/\/oliviermetellus.fr\/wp-content\/uploads\/2026\/03\/Projet_Jacmel_Bonneuil-300x114.png 300w, https:\/\/oliviermetellus.fr\/wp-content\/uploads\/2026\/03\/Projet_Jacmel_Bonneuil-768x291.png 768w, https:\/\/oliviermetellus.fr\/wp-content\/uploads\/2026\/03\/Projet_Jacmel_Bonneuil-1536x582.png 1536w, https:\/\/oliviermetellus.fr\/wp-content\/uploads\/2026\/03\/Projet_Jacmel_Bonneuil-2048x776.png 2048w\" sizes=\"auto, (max-width: 1024px) 100vw, 1024px\" \/><figcaption class=\"wp-element-caption\">R\u00e9union de coordination \u00e0 Bonneuil-sur-Marne \u2014 30 septembre 2025<\/figcaption><\/figure>\n\n\n\n<div class=\"wp-block-group alignwide is-layout-flow wp-block-group-is-layout-flow\">\n<p>Dans le cadre de la remise du <strong>Prix Jean M\u00e9tellus 2026<\/strong>, la <strong>Maire de Jacmel (Loudie C\u00e9sar)<\/strong> est invit\u00e9e \u00e0 <strong>Bonneuil-sur-Marne<\/strong> sur une p\u00e9riode actuellement envisag\u00e9e <strong>entre le 6 et le 12 mai 2026<\/strong>. Le calendrier d\u00e9finitif reste en cours de confirmation ; cette page sera mise \u00e0 jour d\u00e8s r\u00e9ception d\u2019\u00e9l\u00e9ments officiels.<\/p>\n\n\n\n<p><strong>Statut : invitation transmise \u2014 calendrier et programme en cours de confirmation.<\/strong><br><strong>R\u00f4le : mise en relation et coordination entre Jacmel, Bonneuil et les partenaires institutionnels.<\/strong><\/p>\n\n\n\n<h2 class=\"wp-block-heading\">Rep\u00e8res<\/h2>\n\n\n\n<ul class=\"wp-block-list\">\n<li><strong>P\u00e9riode envisag\u00e9e<\/strong> : 6\u201312 mai 2026<\/li>\n\n\n\n<li><strong>Cadre<\/strong> : venue officielle de la maire de Jacmel \u00e0 l\u2019occasion du Prix Jean M\u00e9tellus 2026<\/li>\n\n\n\n<li><strong>Perspective<\/strong> : structurer un partenariat culturel Jacmel\u2013Bonneuil<\/li>\n\n\n\n<li><strong>Partenaires<\/strong> : Ville de Bonneuil, Ville de Jacmel, Ambassade d\u2019Ha\u00efti en France<\/li>\n\n\n\n<li><strong>R\u00f4le<\/strong> : mise en relation et coordination entre les parties prenantes<\/li>\n<\/ul>\n\n\n\n<h2 class=\"wp-block-heading\">Contexte<\/h2>\n\n\n\n<p>Le <strong>23 mars<\/strong> <strong>2025 <\/strong>(remise des prix du concours de po\u00e9sie Jean M\u00e9tellus organis\u00e9 par la Ville de Bonneuil-sur-Marne, avec l\u2019appui de l\u2019AAJM), une <strong>d\u00e9l\u00e9gation de l\u2019Ambassade d\u2019Ha\u00efti en France<\/strong> a assist\u00e9 \u00e0 la c\u00e9r\u00e9monie.<br>La qualit\u00e9 de l\u2019accueil et la force symbolique de l\u2019\u00e9v\u00e9nement (public nombreux, pr\u00e9sence des jeunes, accessibilit\u00e9, traduction en LSF) ont ouvert la voie \u00e0 une id\u00e9e simple : <strong>faire dialoguer Jacmel et Bonneuil<\/strong> \u00e0 travers une dynamique culturelle structur\u00e9e \u2014 Jean M\u00e9tellus \u00e9tant <strong>natif de Jacmel<\/strong> et <strong>citoyen d\u2019honneur de Bonneuil<\/strong>.<\/p>\n\n\n\n<h2 class=\"wp-block-heading\">Mon r\u00f4le : coordination et mise en relation<\/h2>\n\n\n\n<p>Depuis cette s\u00e9quence, je m\u00e8ne un travail de <strong>mise en relation<\/strong> et de <strong>coordination<\/strong> entre les parties prenantes (Ville de Bonneuil-sur-Marne, Ambassade d&rsquo;Ha\u00efti en France,  partenaires institutionnels et relais associatifs).<br>L\u2019enjeu est de transformer une intention partag\u00e9e en <strong>d\u00e9marche institutionnelle lisible<\/strong>, avec des \u00e9tapes, des interlocuteurs et un calendrier.<\/p>\n\n\n\n<h2 class=\"wp-block-heading\">\u00c9tape d\u00e9cisive : la r\u00e9union du 30 septembre 2025<\/h2>\n\n\n\n<p>Le <strong>30 septembre 2025<\/strong>, j\u2019ai organis\u00e9 avec la Mairie de Bonneuil une rencontre r\u00e9unissant :<\/p>\n\n\n\n<ul class=\"wp-block-list\">\n<li>l\u2019Ambassadeur d\u2019Ha\u00efti et sa d\u00e9l\u00e9gation,<\/li>\n\n\n\n<li>les \u00e9quipes municipales de Bonneuil,<\/li>\n\n\n\n<li>un S\u00e9nateur du Val-de-Marne, proche de longue date de ma famille et r\u00e9sident \u00e0 Bonneuil.<\/li>\n<\/ul>\n\n\n\n<p>Cette r\u00e9union a permis de franchir une \u00e9tape majeure : <strong>acter le principe d\u2019une invitation officielle<\/strong> adress\u00e9e \u00e0 la Maire de Jacmel \u00e0 l\u2019occasion du <strong>Prix Jean M\u00e9tellus 2026<\/strong>.<\/p>\n\n\n\n<h2 class=\"wp-block-heading\">Programme envisag\u00e9 (en construction)<\/h2>\n\n\n\n<p>L\u2019invitation officielle a \u00e9t\u00e9 transmise \u00e0 Madame Loudie C\u00e9sar. Avec la Ville de Bonneuil et l\u2019Ambassade, nous travaillons actuellement \u00e0 la construction d\u2019un programme <strong>institutionnel et culturel<\/strong>.<\/p>\n\n\n\n<p>Au-del\u00e0 de la dimension litt\u00e9raire autour de la remise du prix Jean M\u00e9tellus, la semaine devrait inclure :<\/p>\n\n\n\n<ul class=\"wp-block-list\">\n<li><strong>Visite<\/strong> du port industriel de Bonneuil<\/li>\n\n\n\n<li><strong>Temps d\u2019\u00e9changes<\/strong> institutionnels<\/li>\n\n\n\n<li><strong>D\u00e9jeuner<\/strong> ou diner  au S\u00e9nat<\/li>\n<\/ul>\n\n\n\n<h2 class=\"wp-block-heading\">Pour aller plus loin<\/h2>\n\n\n\n<ul class=\"wp-block-list\">\n<li>Agenda &amp; annonces : jalons, confirmations, d\u00e9placements<\/li>\n\n\n\n<li>Prix Jean M\u00e9tellus : le projet \u201cprix\u201d et <a href=\"https:\/\/jeanmetellus.com\/le-prix-jean-metellus\/\" target=\"_blank\" rel=\"noreferrer noopener\">ses \u00e9ditions sur les pages de l&rsquo;AAJM<\/a><\/li>\n\n\n\n<li>Publications &amp; tribunes : articles \/ retours d\u2019exp\u00e9rience li\u00e9s \u00e0 cette dynamique<\/li>\n<\/ul>\n<\/div>\n\n\n\n<p><\/p>\n","protected":false},"excerpt":{"rendered":"<p>Dans le cadre de la remise du Prix Jean M\u00e9tellus 2026, la Maire de Jacmel (Loudie C\u00e9sar) est invit\u00e9e \u00e0 Bonneuil-sur-Marne sur une p\u00e9riode actuellement envisag\u00e9e entre le 6 et le 12 mai 2026. Le calendrier d\u00e9finitif reste en cours de confirmation.<\/p>\n","protected":false},"author":1,"featured_media":0,"comment_status":"closed","ping_status":"open","sticky":false,"template":"","format":"standard","meta":{"footnotes":""},"categories":[5,44],"tags":[47,48,46,42],"class_list":["post-694","post","type-post","status-publish","format-standard","hentry","category-actualites","category-projets-realisations","tag-bonneuil","tag-diplomatie-culturelle","tag-jacmel","tag-projet-en-cours"],"_links":{"self":[{"href":"https:\/\/oliviermetellus.fr\/index.php\/wp-json\/wp\/v2\/posts\/694","targetHints":{"allow":["GET"]}}],"collection":[{"href":"https:\/\/oliviermetellus.fr\/index.php\/wp-json\/wp\/v2\/posts"}],"about":[{"href":"https:\/\/oliviermetellus.fr\/index.php\/wp-json\/wp\/v2\/types\/post"}],"author":[{"embeddable":true,"href":"https:\/\/oliviermetellus.fr\/index.php\/wp-json\/wp\/v2\/users\/1"}],"replies":[{"embeddable":true,"href":"https:\/\/oliviermetellus.fr\/index.php\/wp-json\/wp\/v2\/comments?post=694"}],"version-history":[{"count":9,"href":"https:\/\/oliviermetellus.fr\/index.php\/wp-json\/wp\/v2\/posts\/694\/revisions"}],"predecessor-version":[{"id":1303,"href":"https:\/\/oliviermetellus.fr\/index.php\/wp-json\/wp\/v2\/posts\/694\/revisions\/1303"}],"wp:attachment":[{"href":"https:\/\/oliviermetellus.fr\/index.php\/wp-json\/wp\/v2\/media?parent=694"}],"wp:term":[{"taxonomy":"category","embeddable":true,"href":"https:\/\/oliviermetellus.fr\/index.php\/wp-json\/wp\/v2\/categories?post=694"},{"taxonomy":"post_tag","embeddable":true,"href":"https:\/\/oliviermetellus.fr\/index.php\/wp-json\/wp\/v2\/tags?post=694"}],"curies":[{"name":"wp","href":"https:\/\/api.w.org\/{rel}","templated":true}]}}