{"id":706,"date":"2026-01-15T17:22:38","date_gmt":"2026-01-15T17:22:38","guid":{"rendered":"https:\/\/oliviermetellus.fr\/?p=706"},"modified":"2026-03-09T09:18:50","modified_gmt":"2026-03-09T09:18:50","slug":"prix-litteraire-jean-metellus-edition-2026-lancement-coordination","status":"publish","type":"post","link":"https:\/\/oliviermetellus.fr\/index.php\/2026\/01\/15\/prix-litteraire-jean-metellus-edition-2026-lancement-coordination\/","title":{"rendered":"Prix litt\u00e9raire Jean M\u00e9tellus \u2014 \u00e9dition 2026 (lancement &amp; coordination)"},"content":{"rendered":"\n<div class=\"wp-block-columns is-layout-flex wp-container-core-columns-is-layout-28f84493 wp-block-columns-is-layout-flex\">\n<div class=\"wp-block-column is-layout-flow wp-block-column-is-layout-flow\">\n<figure class=\"wp-block-image size-medium\"><img loading=\"lazy\" decoding=\"async\" width=\"210\" height=\"300\" src=\"https:\/\/oliviermetellus.fr\/wp-content\/uploads\/2026\/03\/lauvince1sit-210x300.jpg\" alt=\"\" class=\"wp-image-711\" srcset=\"https:\/\/oliviermetellus.fr\/wp-content\/uploads\/2026\/03\/lauvince1sit-210x300.jpg 210w, https:\/\/oliviermetellus.fr\/wp-content\/uploads\/2026\/03\/lauvince1sit.jpg 405w\" sizes=\"auto, (max-width: 210px) 100vw, 210px\" \/><\/figure>\n<\/div>\n\n\n\n<div class=\"wp-block-column is-layout-flow wp-block-column-is-layout-flow\">\n<figure class=\"wp-block-image size-medium\"><img loading=\"lazy\" decoding=\"async\" width=\"211\" height=\"300\" src=\"https:\/\/oliviermetellus.fr\/wp-content\/uploads\/2026\/03\/oraisons_cover_RVB_800-211x300.jpg\" alt=\"\" class=\"wp-image-710\" srcset=\"https:\/\/oliviermetellus.fr\/wp-content\/uploads\/2026\/03\/oraisons_cover_RVB_800-211x300.jpg 211w, https:\/\/oliviermetellus.fr\/wp-content\/uploads\/2026\/03\/oraisons_cover_RVB_800-722x1024.jpg 722w, https:\/\/oliviermetellus.fr\/wp-content\/uploads\/2026\/03\/oraisons_cover_RVB_800-768x1090.jpg 768w, https:\/\/oliviermetellus.fr\/wp-content\/uploads\/2026\/03\/oraisons_cover_RVB_800.jpg 800w\" sizes=\"auto, (max-width: 211px) 100vw, 211px\" \/><\/figure>\n<\/div>\n<\/div>\n\n\n\n<div class=\"wp-block-group alignwide is-layout-flow wp-block-group-is-layout-flow\">\n<p>L\u2019\u00e9dition 2026 du Prix litt\u00e9raire Jean M\u00e9tellus s\u2019inscrit dans une d\u00e9marche de transmission et de rayonnement de la litt\u00e9rature francophone. Co-organis\u00e9 par l&rsquo;AAJM avec l\u2019AFHES (Dr Jonas Jolivert) et les \u00c9ditions Recto-Verso, le Prix distingue une \u0153uvre et peut \u00eatre compl\u00e9t\u00e9 par une ou deux mentions sp\u00e9ciales du jury.<\/p>\n\n\n\n<p><strong>Statut : appel \u00e0 manuscrits\/tapuscrits lanc\u00e9.<\/strong><br><strong>R\u00f4le : constitution et animation des jurys (pr\u00e9-s\u00e9lection et jury d\u00e9finitif) ; coordination et mise en relation des parties prenantes (process, calendrier, communication)<\/strong><\/p>\n\n\n\n<h2 class=\"wp-block-heading\">Rep\u00e8res<\/h2>\n\n\n\n<ul class=\"wp-block-list\">\n<li><strong>P\u00e9riode<\/strong> : janvier \u2192 avril (collecte des manuscrits) &#8211; R\u00e9sultats en septembre<\/li>\n\n\n\n<li><strong>Format<\/strong> : 1 prix + 1 \u00e0 2 mentions sp\u00e9ciales (selon d\u00e9cision du jury)<\/li>\n\n\n\n<li><strong>Co-organisation<\/strong> : AAJM \/ AFHES (Dr Jonas Jolivert) \/ \u00c9ditions Recto-Verso<\/li>\n<\/ul>\n\n\n\n<h2 class=\"wp-block-heading\">Organisation (en pratique)<\/h2>\n\n\n\n<ul class=\"wp-block-list\">\n<li><strong>Jury de pr\u00e9-s\u00e9lection<\/strong> : lecture, premiers \u00e9changes, short-list<\/li>\n\n\n\n<li><strong>Jury d\u00e9finitif<\/strong> : d\u00e9lib\u00e9ration finale, prix + mentions<\/li>\n\n\n\n<li><strong>Coordination<\/strong> : calendrier, circulation des manuscrits, synchronisation avec les partenaires, pr\u00e9paration des annonces publiques&#8230;<\/li>\n<\/ul>\n\n\n\n<h2 class=\"wp-block-heading\">Mon r\u00f4le : coordination et mise en relation<\/h2>\n\n\n\n<p>Depuis cette s\u00e9quence, je m\u00e8ne un travail de <strong>mise en relation<\/strong> et de <strong>coordination<\/strong> entre les parties prenantes (Ville de Bonneuil-sur-Marne, Ambassade d&rsquo;Ha\u00efti en France,  partenaires institutionnels et relais associatifs).<br>L\u2019enjeu est de transformer une intention partag\u00e9e en <strong>d\u00e9marche institutionnelle lisible<\/strong>, avec des \u00e9tapes, des interlocuteurs et un calendrier.<\/p>\n\n\n\n<h2 class=\"wp-block-heading\">Esprit du Prix<\/h2>\n\n\n\n<p>Le Prix poursuit un objectif simple : soutenir une cr\u00e9ation exigeante, ouverte sur l\u2019espace francophone et prolonger la pr\u00e9sence de Jean M\u00e9tellus par des actions concr\u00e8tes \u2014 lecture, discernement, transmission.<\/p>\n\n\n\n<h2 class=\"wp-block-heading\">Pour aller plus loin<\/h2>\n\n\n\n<ul class=\"wp-block-list\">\n<li><strong>Sur ce site<\/strong> : <em>Prix &amp; concours Jean M\u00e9tellus<\/em> (rubrique Culture &amp; transmission)<\/li>\n\n\n\n<li><strong>Sur les page de l\u2019AAJM<\/strong> :<a href=\"https:\/\/jeanmetellus.com\/le-prix-jean-metellus\/\" target=\"_blank\" rel=\"noreferrer noopener\"> <em>Prix Jean M\u00e9tellus<\/em><\/a> <\/li>\n\n\n\n<li><strong>Presse<\/strong> : <em>Lancement du Prix Jean M\u00e9tellus 2026 \u2014 \u00ab Po\u00e8tes \u00e0 vos marques ! \u00bb<\/em> (<a href=\"https:\/\/oliviermetellus.fr\/wp-content\/uploads\/2026\/03\/Lancement-du-Prix-Jean-Metellus-2026.pdf\" target=\"_blank\" rel=\"noreferrer noopener\">Le Nouvelliste \u2014 PDF<\/a>)<\/li>\n<\/ul>\n<\/div>\n\n\n\n<p><\/p>\n","protected":false},"excerpt":{"rendered":"<p>L\u2019\u00e9dition 2026 du Prix litt\u00e9raire Jean M\u00e9tellus s\u2019inscrit dans une d\u00e9marche de transmission et de rayonnement de la litt\u00e9rature francophone. Co-organis\u00e9 par l&rsquo;AAJM avec l\u2019AFHES (Dr Jonas Jolivert) et les \u00c9ditions Recto-Verso, le Prix distingue une \u0153uvre et peut \u00eatre compl\u00e9t\u00e9 par une ou deux mentions sp\u00e9ciales du jury.<\/p>\n","protected":false},"author":1,"featured_media":0,"comment_status":"closed","ping_status":"open","sticky":false,"template":"","format":"standard","meta":{"footnotes":""},"categories":[5,44],"tags":[47,48,46,42],"class_list":["post-706","post","type-post","status-publish","format-standard","hentry","category-actualites","category-projets-realisations","tag-bonneuil","tag-diplomatie-culturelle","tag-jacmel","tag-projet-en-cours"],"_links":{"self":[{"href":"https:\/\/oliviermetellus.fr\/index.php\/wp-json\/wp\/v2\/posts\/706","targetHints":{"allow":["GET"]}}],"collection":[{"href":"https:\/\/oliviermetellus.fr\/index.php\/wp-json\/wp\/v2\/posts"}],"about":[{"href":"https:\/\/oliviermetellus.fr\/index.php\/wp-json\/wp\/v2\/types\/post"}],"author":[{"embeddable":true,"href":"https:\/\/oliviermetellus.fr\/index.php\/wp-json\/wp\/v2\/users\/1"}],"replies":[{"embeddable":true,"href":"https:\/\/oliviermetellus.fr\/index.php\/wp-json\/wp\/v2\/comments?post=706"}],"version-history":[{"count":9,"href":"https:\/\/oliviermetellus.fr\/index.php\/wp-json\/wp\/v2\/posts\/706\/revisions"}],"predecessor-version":[{"id":1307,"href":"https:\/\/oliviermetellus.fr\/index.php\/wp-json\/wp\/v2\/posts\/706\/revisions\/1307"}],"wp:attachment":[{"href":"https:\/\/oliviermetellus.fr\/index.php\/wp-json\/wp\/v2\/media?parent=706"}],"wp:term":[{"taxonomy":"category","embeddable":true,"href":"https:\/\/oliviermetellus.fr\/index.php\/wp-json\/wp\/v2\/categories?post=706"},{"taxonomy":"post_tag","embeddable":true,"href":"https:\/\/oliviermetellus.fr\/index.php\/wp-json\/wp\/v2\/tags?post=706"}],"curies":[{"name":"wp","href":"https:\/\/api.w.org\/{rel}","templated":true}]}}