{"id":717,"date":"2025-12-01T21:10:00","date_gmt":"2025-12-01T21:10:00","guid":{"rendered":"https:\/\/oliviermetellus.fr\/?p=717"},"modified":"2026-03-09T09:22:50","modified_gmt":"2026-03-09T09:22:50","slug":"ginette-cherubin-coordination-dun-passage-a-paris-europe","status":"publish","type":"post","link":"https:\/\/oliviermetellus.fr\/index.php\/2025\/12\/01\/ginette-cherubin-coordination-dun-passage-a-paris-europe\/","title":{"rendered":"Ginette Ch\u00e9rubin \u2014 coordination d\u2019un passage \u00e0 Paris \/ Europe"},"content":{"rendered":"\n<figure class=\"wp-block-image aligncenter size-medium\"><img loading=\"lazy\" decoding=\"async\" width=\"225\" height=\"300\" src=\"https:\/\/oliviermetellus.fr\/wp-content\/uploads\/2026\/02\/Flyer_Ginette_Cherubin-225x300.jpg\" alt=\"\" class=\"wp-image-443\" srcset=\"https:\/\/oliviermetellus.fr\/wp-content\/uploads\/2026\/02\/Flyer_Ginette_Cherubin-225x300.jpg 225w, https:\/\/oliviermetellus.fr\/wp-content\/uploads\/2026\/02\/Flyer_Ginette_Cherubin-768x1024.jpg 768w, https:\/\/oliviermetellus.fr\/wp-content\/uploads\/2026\/02\/Flyer_Ginette_Cherubin.jpg 810w\" sizes=\"auto, (max-width: 225px) 100vw, 225px\" \/><\/figure>\n\n\n\n<div class=\"wp-block-group alignwide is-layout-flow wp-block-group-is-layout-flow\">\n<p>\u00c0 la demande de Ginette Ch\u00e9rubin, j\u2019ai coordonn\u00e9 un passage \u00e0 Paris (et plus largement en Europe) autour de son livre <em>Ha\u00efti, le ventre pourri de la b\u00eate<\/em>, afin de lui donner un cadre solide, des points d\u2019appui institutionnels et des espaces de prise de parole coh\u00e9rents.<\/p>\n\n\n\n<h2 class=\"wp-block-heading\">Contexte<\/h2>\n\n\n\n<p>Cette s\u00e9quence s\u2019inscrit dans une d\u00e9marche de <strong>diplomatie culturelle<\/strong> et de mise en relation : faire circuler une \u0153uvre, ouvrir des lieux, faciliter des rencontres, et permettre \u00e0 une parole d\u2019atteindre des publics vari\u00e9s \u2014 au-del\u00e0 des cercles habituels.<\/p>\n\n\n\n<h2 class=\"wp-block-heading\">Rep\u00e8res<\/h2>\n\n\n\n<ul class=\"wp-block-list\">\n<li><strong>P\u00e9riode<\/strong> : novembre 2025 (passage \u00e0 Paris \/ Europe)<\/li>\n\n\n\n<li><strong>Objet<\/strong> : accompagnement et structuration d\u2019une s\u00e9rie de prises de parole autour de l\u2019ouvrage<\/li>\n\n\n\n<li><strong>Formats<\/strong> : m\u00e9dias (radio \/ t\u00e9l\u00e9vision), rencontres, conf\u00e9rences<\/li>\n\n\n\n<li><strong>R\u00f4le<\/strong> : coordination, mise en relation, promotion des interventions, appui logistique<\/li>\n<\/ul>\n\n\n\n<h2 class=\"wp-block-heading\">Actions men\u00e9es (exemples)<\/h2>\n\n\n\n<ul class=\"wp-block-list\">\n<li><strong>Organisation et coordination<\/strong> de prises de parole (radios, conf\u00e9rences).<\/li>\n\n\n\n<li><strong>Programmation et articulation<\/strong> avec des lieux et partenaires potentiels (Maison de l\u2019Am\u00e9rique latine, Sorbonne, Salon du livre\u2026 \u2014 selon opportunit\u00e9s).<\/li>\n\n\n\n<li><strong>Appui logistique<\/strong> : d\u00e9placements, s\u00e9quen\u00e7age, contacts &amp; r\u00e9seau.<\/li>\n\n\n\n<li><strong>Mise en relation<\/strong> pour assurer la diffusion des propos.<\/li>\n<\/ul>\n\n\n\n<h2 class=\"wp-block-heading\">Focus m\u00e9dias (s\u00e9quences coordonn\u00e9es)<\/h2>\n\n\n\n<ul class=\"wp-block-list\">\n<li><strong>Espace FM<\/strong> \u2014 \u00e9mission de <strong>Venise Fiacre<\/strong> (radio)<\/li>\n\n\n\n<li><strong>Ha\u00efti Inter<\/strong> \u2014 \u00e9mission de <strong>Guy F\u00e9rolus<\/strong> (t\u00e9l\u00e9vision en ligne)<\/li>\n<\/ul>\n\n\n\n<h2 class=\"wp-block-heading\">Finalit\u00e9<\/h2>\n\n\n\n<p>Donner un cadre, assurer la qualit\u00e9 des rencontres, et faciliter l\u2019acc\u00e8s \u00e0 des publics vari\u00e9s, dans un esprit de transmission et de rayonnement.<\/p>\n\n\n\n<p>J\u2019ai assur\u00e9 la mise en relation et la coordination d\u2019ensemble, pour transformer une intention en s\u00e9quence de rencontres lisible et efficace.<\/p>\n\n\n\n<h2 class=\"wp-block-heading\">Pour aller plus loin<\/h2>\n\n\n\n<ul class=\"wp-block-list\">\n<li><a href=\"https:\/\/www.linkedin.com\/posts\/haaefti-francophonie-littaezrature-share-7399597302312767488-LiEl?utm_source=share&amp;utm_medium=member_desktop&amp;rcm=ACoAAB1rRbkBBOhKItopdrjIIEc8Cn01a3Gmur8\" target=\"_blank\" rel=\"noreferrer noopener\"><strong>Info LinkedIn<\/strong><\/a> <\/li>\n\n\n\n<li>Sur ce site : \n<ul class=\"wp-block-list\">\n<li><strong>Projets &amp; r\u00e9alisations<\/strong> (r\u00e9f\u00e9rence) <\/li>\n\n\n\n<li><strong>Diplomatie culturelle<\/strong> (si tu veux mettre une coh\u00e9rence de navigation)<\/li>\n<\/ul>\n<\/li>\n<\/ul>\n<\/div>\n\n\n\n<p><\/p>\n","protected":false},"excerpt":{"rendered":"<p>\u00c0 la demande de Ginette Ch\u00e9rubin, j\u2019ai coordonn\u00e9 un passage \u00e0 Paris (et plus largement en Europe) autour de son livre Ha\u00efti, le ventre pourri de la b\u00eate, afin de lui donner un cadre solide, des points d\u2019appui institutionnels et des espaces de prise de parole coh\u00e9rents.<\/p>\n","protected":false},"author":1,"featured_media":0,"comment_status":"closed","ping_status":"open","sticky":false,"template":"","format":"standard","meta":{"footnotes":""},"categories":[5,44],"tags":[43],"class_list":["post-717","post","type-post","status-publish","format-standard","hentry","category-actualites","category-projets-realisations","tag-projet-realise"],"_links":{"self":[{"href":"https:\/\/oliviermetellus.fr\/index.php\/wp-json\/wp\/v2\/posts\/717","targetHints":{"allow":["GET"]}}],"collection":[{"href":"https:\/\/oliviermetellus.fr\/index.php\/wp-json\/wp\/v2\/posts"}],"about":[{"href":"https:\/\/oliviermetellus.fr\/index.php\/wp-json\/wp\/v2\/types\/post"}],"author":[{"embeddable":true,"href":"https:\/\/oliviermetellus.fr\/index.php\/wp-json\/wp\/v2\/users\/1"}],"replies":[{"embeddable":true,"href":"https:\/\/oliviermetellus.fr\/index.php\/wp-json\/wp\/v2\/comments?post=717"}],"version-history":[{"count":10,"href":"https:\/\/oliviermetellus.fr\/index.php\/wp-json\/wp\/v2\/posts\/717\/revisions"}],"predecessor-version":[{"id":1310,"href":"https:\/\/oliviermetellus.fr\/index.php\/wp-json\/wp\/v2\/posts\/717\/revisions\/1310"}],"wp:attachment":[{"href":"https:\/\/oliviermetellus.fr\/index.php\/wp-json\/wp\/v2\/media?parent=717"}],"wp:term":[{"taxonomy":"category","embeddable":true,"href":"https:\/\/oliviermetellus.fr\/index.php\/wp-json\/wp\/v2\/categories?post=717"},{"taxonomy":"post_tag","embeddable":true,"href":"https:\/\/oliviermetellus.fr\/index.php\/wp-json\/wp\/v2\/tags?post=717"}],"curies":[{"name":"wp","href":"https:\/\/api.w.org\/{rel}","templated":true}]}}