{"id":728,"date":"2026-03-01T21:29:44","date_gmt":"2026-03-01T21:29:44","guid":{"rendered":"https:\/\/oliviermetellus.fr\/?p=728"},"modified":"2026-04-02T14:56:28","modified_gmt":"2026-04-02T14:56:28","slug":"eloquentia-accueil-accompagnement-de-la-delegation-de-jacmel-finale-internationale-paris-2026","status":"publish","type":"post","link":"https:\/\/oliviermetellus.fr\/index.php\/2026\/03\/01\/eloquentia-accueil-accompagnement-de-la-delegation-de-jacmel-finale-internationale-paris-2026\/","title":{"rendered":"Eloquentia \u2014 accueil &amp; accompagnement de la d\u00e9l\u00e9gation de Jacmel (Finale internationale, Paris 2026)"},"content":{"rendered":"\n<figure class=\"wp-block-image aligncenter size-medium\"><img loading=\"lazy\" decoding=\"async\" width=\"240\" height=\"300\" src=\"https:\/\/oliviermetellus.fr\/wp-content\/uploads\/2026\/02\/Elonquentia_Jacmel-240x300.jpg\" alt=\"\" class=\"wp-image-444\" srcset=\"https:\/\/oliviermetellus.fr\/wp-content\/uploads\/2026\/02\/Elonquentia_Jacmel-240x300.jpg 240w, https:\/\/oliviermetellus.fr\/wp-content\/uploads\/2026\/02\/Elonquentia_Jacmel-819x1024.jpg 819w, https:\/\/oliviermetellus.fr\/wp-content\/uploads\/2026\/02\/Elonquentia_Jacmel-768x960.jpg 768w, https:\/\/oliviermetellus.fr\/wp-content\/uploads\/2026\/02\/Elonquentia_Jacmel-1229x1536.jpg 1229w, https:\/\/oliviermetellus.fr\/wp-content\/uploads\/2026\/02\/Elonquentia_Jacmel.jpg 1280w\" sizes=\"auto, (max-width: 240px) 100vw, 240px\" \/><\/figure>\n\n\n\n<div class=\"wp-block-group alignwide is-layout-flow wp-block-group-is-layout-flow\">\n<p>\u00c0 l\u2019occasion de la finale internationale d\u2019Eloquentia \u00e0 la Seine Musicale (Paris), je participe \u00e0 l\u2019accueil et l\u2019accompagnement de la d\u00e9l\u00e9gation venue de Jacmel, ainsi qu&rsquo;\u00e0 la coordination, \u00e0 Paris, d\u2019un circuit de rencontres et de visibilit\u00e9.<\/p>\n\n\n\n<h2 class=\"wp-block-heading\">Contexte<\/h2>\n\n\n\n<p>La participation d\u2019Ha\u00efti \u00e0 cette finale constitue un moment fort : une pr\u00e9sence jeunesse et culturelle \u00e0 valoriser, et un s\u00e9jour \u00e0 s\u00e9curiser sur le plan logistique, relationnel et institutionnel, afin que les talents et les \u00e9quipes puissent se concentrer sur l\u2019essentiel.<\/p>\n\n\n\n<p>J\u2019assure l\u2019accueil et l\u2019accompagnement \u00e0 Paris d\u2019Abiga\u00efl Alexandre, laur\u00e9ate d\u2019Eloquentia Jacmel, et de Wagens Jean-Louis, coordinateur des antennes en Ha\u00efti.<\/p>\n\n\n\n<h2 class=\"wp-block-heading\">Rep\u00e8res<\/h2>\n\n\n\n<ul class=\"wp-block-list\">\n<li><strong>\u00c9ch\u00e9ance<\/strong> : finale internationale \u2014 <strong>26 mars 2026<\/strong>, Seine Musicale (Paris)<\/li>\n\n\n\n<li><strong>P\u00e9rim\u00e8tre<\/strong> : accueil de la d\u00e9l\u00e9gation \/ coordination du s\u00e9jour \u00e0 Paris<\/li>\n\n\n\n<li><strong>Parties prenantes<\/strong> : d\u00e9l\u00e9gation Eloquentia Jacmel (laur\u00e9ate &amp; coordinateur), partenaires associatifs et relais institutionnels, contacts m\u00e9dias<\/li>\n\n\n\n<li><strong>Participants<\/strong> : Abiga\u00efl Alexandre (laur\u00e9ate Eloquentia Jacmel) ; Wagens Jean-Louis (coordinateur des antennes en Ha\u00efti)<\/li>\n\n\n\n<li><strong>Statut<\/strong> : coordination en cours (pr\u00e9paration + d\u00e9roul\u00e9 sur place)<\/li>\n<\/ul>\n\n\n\n<h2 class=\"wp-block-heading\">Ce que je coordonne<\/h2>\n\n\n\n<ul class=\"wp-block-list\">\n<li><strong>Accueil et appui logistique<\/strong> : h\u00e9bergement, d\u00e9placements, coordination sur place<\/li>\n\n\n\n<li><strong>Mise en relation<\/strong> et fluidification des \u00e9changes (associatifs et institutionnels)<\/li>\n\n\n\n<li><strong>Appui \u00e0 la communication \/ visibilit\u00e9<\/strong> : relais, coordination des prises de parole quand elles sont pr\u00e9vues<\/li>\n\n\n\n<li><strong>Cadre d\u2019accompagnement<\/strong> : s\u00e9curiser le d\u00e9roul\u00e9 du s\u00e9jour, anticiper les contraintes<\/li>\n<\/ul>\n\n\n\n<p><em>J\u2019assure la coordination d\u2019ensemble \u00e0 Paris et l&rsquo;accompagnement op\u00e9rationnel sur la dur\u00e9e du s\u00e9jour.<\/em><\/p>\n\n\n\n<h2 class=\"wp-block-heading\">Finalit\u00e9<\/h2>\n\n\n\n<p>Permettre aux talents et aux \u00e9quipes de se concentrer sur la parole, le concours et les rencontres structurantes, dans un cadre clair, digne et efficace.<\/p>\n\n\n\n<h2 class=\"wp-block-heading\">Pour aller plus loin<\/h2>\n\n\n\n<ul class=\"wp-block-list\">\n<li><a href=\"https:\/\/jeanmetellus.com\/porter-sa-voix-depuis-jacmel-entretien-avec-wagens-jean-louis-artisan-deloquentia-haiti\/\" data-type=\"link\" data-id=\"https:\/\/jeanmetellus.com\/porter-sa-voix-depuis-jacmel-entretien-avec-wagens-jean-louis-artisan-deloquentia-haiti\/\" target=\"_blank\" rel=\"noreferrer noopener\">Post LinkedIn \u2014 Wagens Jean-Louis<\/a><\/li>\n\n\n\n<li>Sur ce site : \n<ul class=\"wp-block-list\">\n<li><strong><a href=\"https:\/\/oliviermetellus.fr\/index.php\/entretiens\/\" data-type=\"page\" data-id=\"369\" target=\"_blank\" rel=\"noreferrer noopener\">Tous les entretiens<\/a><\/strong><\/li>\n\n\n\n<li><strong><a href=\"https:\/\/oliviermetellus.fr\/index.php\/projets-realisations\/\" data-type=\"page\" data-id=\"686\" target=\"_blank\" rel=\"noreferrer noopener\">Projets &amp; r\u00e9alisations<\/a><\/strong><\/li>\n\n\n\n<li><strong><a href=\"https:\/\/oliviermetellus.fr\/index.php\/diplomatie-culturelle\/\" data-type=\"page\" data-id=\"427\" target=\"_blank\" rel=\"noreferrer noopener\">Diplomatie culturelle<\/a><\/strong><\/li>\n<\/ul>\n<\/li>\n<\/ul>\n<\/div>\n\n\n\n<p><\/p>\n","protected":false},"excerpt":{"rendered":"<p>\u00c0 l\u2019occasion de la finale internationale d\u2019Eloquentia \u00e0 la Seine Musicale (Paris), je participe \u00e0 l\u2019accueil et l\u2019accompagnement de la d\u00e9l\u00e9gation venue de Jacmel, ainsi qu&rsquo;\u00e0 la coordination, \u00e0 Paris, d\u2019un circuit de rencontres et de visibilit\u00e9.<\/p>\n","protected":false},"author":1,"featured_media":0,"comment_status":"closed","ping_status":"open","sticky":false,"template":"","format":"standard","meta":{"footnotes":""},"categories":[5,44],"tags":[48,43],"class_list":["post-728","post","type-post","status-publish","format-standard","hentry","category-actualites","category-projets-realisations","tag-diplomatie-culturelle","tag-projet-realise"],"_links":{"self":[{"href":"https:\/\/oliviermetellus.fr\/index.php\/wp-json\/wp\/v2\/posts\/728","targetHints":{"allow":["GET"]}}],"collection":[{"href":"https:\/\/oliviermetellus.fr\/index.php\/wp-json\/wp\/v2\/posts"}],"about":[{"href":"https:\/\/oliviermetellus.fr\/index.php\/wp-json\/wp\/v2\/types\/post"}],"author":[{"embeddable":true,"href":"https:\/\/oliviermetellus.fr\/index.php\/wp-json\/wp\/v2\/users\/1"}],"replies":[{"embeddable":true,"href":"https:\/\/oliviermetellus.fr\/index.php\/wp-json\/wp\/v2\/comments?post=728"}],"version-history":[{"count":10,"href":"https:\/\/oliviermetellus.fr\/index.php\/wp-json\/wp\/v2\/posts\/728\/revisions"}],"predecessor-version":[{"id":1302,"href":"https:\/\/oliviermetellus.fr\/index.php\/wp-json\/wp\/v2\/posts\/728\/revisions\/1302"}],"wp:attachment":[{"href":"https:\/\/oliviermetellus.fr\/index.php\/wp-json\/wp\/v2\/media?parent=728"}],"wp:term":[{"taxonomy":"category","embeddable":true,"href":"https:\/\/oliviermetellus.fr\/index.php\/wp-json\/wp\/v2\/categories?post=728"},{"taxonomy":"post_tag","embeddable":true,"href":"https:\/\/oliviermetellus.fr\/index.php\/wp-json\/wp\/v2\/tags?post=728"}],"curies":[{"name":"wp","href":"https:\/\/api.w.org\/{rel}","templated":true}]}}