{"id":736,"date":"2025-10-24T22:09:00","date_gmt":"2025-10-24T22:09:00","guid":{"rendered":"https:\/\/oliviermetellus.fr\/?p=736"},"modified":"2026-03-02T08:04:40","modified_gmt":"2026-03-02T08:04:40","slug":"mission-maurice-le-morne-brabant-transmission-patrimoniale-dialogue-des-iles","status":"publish","type":"post","link":"https:\/\/oliviermetellus.fr\/index.php\/2025\/10\/24\/mission-maurice-le-morne-brabant-transmission-patrimoniale-dialogue-des-iles\/","title":{"rendered":"Mission Maurice \u2014 Le Morne Brabant : transmission patrimoniale &amp; dialogue des \u00eeles"},"content":{"rendered":"\n<figure class=\"wp-block-image aligncenter size-medium\"><img loading=\"lazy\" decoding=\"async\" width=\"225\" height=\"300\" src=\"https:\/\/oliviermetellus.fr\/wp-content\/uploads\/2026\/02\/Morne_Heritage_AAJM-2025-225x300.jpg\" alt=\"\" class=\"wp-image-140\" srcset=\"https:\/\/oliviermetellus.fr\/wp-content\/uploads\/2026\/02\/Morne_Heritage_AAJM-2025-225x300.jpg 225w, https:\/\/oliviermetellus.fr\/wp-content\/uploads\/2026\/02\/Morne_Heritage_AAJM-2025-768x1024.jpg 768w, https:\/\/oliviermetellus.fr\/wp-content\/uploads\/2026\/02\/Morne_Heritage_AAJM-2025-1152x1536.jpg 1152w, https:\/\/oliviermetellus.fr\/wp-content\/uploads\/2026\/02\/Morne_Heritage_AAJM-2025.jpg 1200w\" sizes=\"auto, (max-width: 225px) 100vw, 225px\" \/><\/figure>\n\n\n\n<div class=\"wp-block-group alignwide is-layout-flow wp-block-group-is-layout-flow\">\n<p>Transmission litt\u00e9raire et patrimoniale dans un haut lieu de m\u00e9moire li\u00e9 au marronnage, en lien avec le <strong>Morne Heritage Trust Fund<\/strong> (UNESCO).<br>Dotation d\u2019ouvrages et mise en relation autour d\u2019un fil conducteur : <strong>faire dialoguer les m\u00e9moires et les \u00eeles dans l\u2019espace francophone<\/strong>.<\/p>\n\n\n\n<h2 class=\"wp-block-heading\">Contexte<\/h2>\n\n\n\n<p>Le <strong>Morne Brabant<\/strong> est un lieu majeur de m\u00e9moire. Dans ce cadre, j\u2019ai conduit une mission de transmission associant patrimoine, litt\u00e9rature et correspondances, avec l\u2019objectif de cr\u00e9er un pont durable entre acteurs culturels.<\/p>\n\n\n\n<h2 class=\"wp-block-heading\">Rep\u00e8res<\/h2>\n\n\n\n<ul class=\"wp-block-list\">\n<li><strong>P\u00e9riode<\/strong> : octobre 2025<\/li>\n\n\n\n<li><strong>Lieu<\/strong> : Le Morne, \u00eele Maurice<\/li>\n\n\n\n<li><strong>Partenaire<\/strong> : Morne Heritage Trust Fund<\/li>\n\n\n\n<li><strong>Nature<\/strong> : mission de transmission (dotation, \u00e9changes, mise en relation)<\/li>\n<\/ul>\n\n\n\n<h2 class=\"wp-block-heading\">Ce que j\u2019ai r\u00e9alis\u00e9<\/h2>\n\n\n\n<ul class=\"wp-block-list\">\n<li><strong>Remise \/ dotation<\/strong> d\u2019ouvrages et partage de correspondance (d\u00e9marche de transmission et de partage)<\/li>\n\n\n\n<li><strong>Mise en perspective patrimoniale<\/strong> : m\u00e9moire du marronnage, inscription dans une logique de continuit\u00e9 culturelle<\/li>\n\n\n\n<li><strong>Activation d\u2019un lien litt\u00e9raire<\/strong> : autour d\u2019une correspondance ancienne avec <strong>\u00c9douard J. Maunick (courrier dat\u00e9 de 1991)<\/strong><\/li>\n\n\n\n<li><strong>Ouverture de pistes de suite<\/strong> : ressources, lectures crois\u00e9es, valorisation num\u00e9rique, relais dans les r\u00e9seaux francophones<\/li>\n<\/ul>\n\n\n\n<h2 class=\"wp-block-heading\">Finalit\u00e9<\/h2>\n\n\n\n<p>Donner un cadre concret \u00e0 une diplomatie culturelle \u201csobre\u201d : <strong>transmettre, relier, documenter<\/strong>, et pr\u00e9parer des prolongements (partenariats, contenus, circulation d\u2019\u0153uvres).<\/p>\n\n\n\n<h2 class=\"wp-block-heading\">Pour aller plus loin<\/h2>\n\n\n\n<ul class=\"wp-block-list\">\n<li>Ma diplomatie culturelle <\/li>\n\n\n\n<li><strong>Sur les pages de l\u2019AAJM<\/strong> : <em><a href=\"https:\/\/jeanmetellus.com\/mission-de-transmission-ile-maurice-le-morne-heritage-unesco-octobre-2025\/\" target=\"_blank\" rel=\"noreferrer noopener\">Mission de transmission \u2014 \u00cele Maurice \/ Le Morne (UNESCO), octobre 2025<\/a><\/em><\/li>\n\n\n\n<li>Le rapport (PDF)<\/li>\n<\/ul>\n<\/div>\n\n\n\n<p><\/p>\n","protected":false},"excerpt":{"rendered":"<p>Transmission litt\u00e9raire et patrimoniale dans un haut lieu de m\u00e9moire li\u00e9 au marronnage, en lien avec le Morne Heritage Trust Fund (UNESCO).Dotation d\u2019ouvrages et mise en relation autour d\u2019un fil conducteur : faire dialoguer les m\u00e9moires et les \u00eeles dans l\u2019espace francophone. Contexte Le Morne Brabant est un lieu majeur de m\u00e9moire. Dans ce cadre, [&hellip;]<\/p>\n","protected":false},"author":1,"featured_media":0,"comment_status":"open","ping_status":"open","sticky":false,"template":"","format":"standard","meta":{"footnotes":""},"categories":[5,44],"tags":[7,48,10,51,49,50,43,18],"class_list":["post-736","post","type-post","status-publish","format-standard","hentry","category-actualites","category-projets-realisations","tag-aajm","tag-diplomatie-culturelle","tag-francophonie","tag-maunick","tag-maurice","tag-patrimoine","tag-projet-realise","tag-transmission"],"_links":{"self":[{"href":"https:\/\/oliviermetellus.fr\/index.php\/wp-json\/wp\/v2\/posts\/736","targetHints":{"allow":["GET"]}}],"collection":[{"href":"https:\/\/oliviermetellus.fr\/index.php\/wp-json\/wp\/v2\/posts"}],"about":[{"href":"https:\/\/oliviermetellus.fr\/index.php\/wp-json\/wp\/v2\/types\/post"}],"author":[{"embeddable":true,"href":"https:\/\/oliviermetellus.fr\/index.php\/wp-json\/wp\/v2\/users\/1"}],"replies":[{"embeddable":true,"href":"https:\/\/oliviermetellus.fr\/index.php\/wp-json\/wp\/v2\/comments?post=736"}],"version-history":[{"count":5,"href":"https:\/\/oliviermetellus.fr\/index.php\/wp-json\/wp\/v2\/posts\/736\/revisions"}],"predecessor-version":[{"id":753,"href":"https:\/\/oliviermetellus.fr\/index.php\/wp-json\/wp\/v2\/posts\/736\/revisions\/753"}],"wp:attachment":[{"href":"https:\/\/oliviermetellus.fr\/index.php\/wp-json\/wp\/v2\/media?parent=736"}],"wp:term":[{"taxonomy":"category","embeddable":true,"href":"https:\/\/oliviermetellus.fr\/index.php\/wp-json\/wp\/v2\/categories?post=736"},{"taxonomy":"post_tag","embeddable":true,"href":"https:\/\/oliviermetellus.fr\/index.php\/wp-json\/wp\/v2\/tags?post=736"}],"curies":[{"name":"wp","href":"https:\/\/api.w.org\/{rel}","templated":true}]}}