{"id":741,"date":"2024-05-02T08:02:00","date_gmt":"2024-05-02T08:02:00","guid":{"rendered":"https:\/\/oliviermetellus.fr\/?p=741"},"modified":"2026-03-02T14:17:12","modified_gmt":"2026-03-02T14:17:12","slug":"mission-benin-dotation-diplomatie-culturelle","status":"publish","type":"post","link":"https:\/\/oliviermetellus.fr\/index.php\/2024\/05\/02\/mission-benin-dotation-diplomatie-culturelle\/","title":{"rendered":"Mission B\u00e9nin \u2014 dotation &amp; diplomatie culturelle"},"content":{"rendered":"\n<figure class=\"wp-block-image size-large\"><img loading=\"lazy\" decoding=\"async\" width=\"1024\" height=\"468\" src=\"https:\/\/oliviermetellus.fr\/wp-content\/uploads\/2026\/03\/Centre_Culturel_Akanga-1024x468.jpg\" alt=\"\" class=\"wp-image-750\" srcset=\"https:\/\/oliviermetellus.fr\/wp-content\/uploads\/2026\/03\/Centre_Culturel_Akanga-1024x468.jpg 1024w, https:\/\/oliviermetellus.fr\/wp-content\/uploads\/2026\/03\/Centre_Culturel_Akanga-300x137.jpg 300w, https:\/\/oliviermetellus.fr\/wp-content\/uploads\/2026\/03\/Centre_Culturel_Akanga-768x351.jpg 768w, https:\/\/oliviermetellus.fr\/wp-content\/uploads\/2026\/03\/Centre_Culturel_Akanga-1536x701.jpg 1536w, https:\/\/oliviermetellus.fr\/wp-content\/uploads\/2026\/03\/Centre_Culturel_Akanga-2048x935.jpg 2048w\" sizes=\"auto, (max-width: 1024px) 100vw, 1024px\" \/><\/figure>\n\n\n\n<div class=\"wp-block-group alignwide is-layout-flow wp-block-group-is-layout-flow\">\n<p>Mission de <strong>transmission <\/strong>et de <strong>diplomatie culturelle<\/strong> men\u00e9e au B\u00e9nin (avril 2024), autour d\u2019une d\u00e9marche de dotation d\u2019ouvrages et de rencontres avec des acteurs de m\u00e9diation (biblioth\u00e8ques, centres culturels, partenaires).<br><br><strong>Fil rouge : m\u00e9moire \u2013 transmission \u2013 jeunesse, avec des \u00e9tapes \u00e0 Allada, Ouidah et Porto-Novo.<\/strong><\/p>\n\n\n\n<h2 class=\"wp-block-heading\">Contexte<\/h2>\n\n\n\n<p>Mission de transmission culturelle conduite au B\u00e9nin, avec un fil rouge <strong>m\u00e9moire \u2013 transmission \u2013 jeunesse<\/strong>, autour de lieux de m\u00e9diation (biblioth\u00e8ques, centres culturels, partenaires) et d\u2019une d\u00e9marche de <strong>donation d\u2019ouvrages<\/strong>.<\/p>\n\n\n\n<h2 class=\"wp-block-heading\">Rep\u00e8res<\/h2>\n\n\n\n<ul class=\"wp-block-list\">\n<li><strong>P\u00e9riode<\/strong> : avril 2024<\/li>\n\n\n\n<li><strong>Lieux<\/strong> : <strong>Allada<\/strong>, <strong>Ouidah<\/strong>, <strong>Porto-Novo<\/strong> (Centre de Cultures Akanga)<\/li>\n\n\n\n<li><strong>Format<\/strong> : dotations cibl\u00e9es, rencontres, \u00e9changes institutionnels et culturels<\/li>\n\n\n\n<li><strong>Fil conducteur<\/strong> : transmission litt\u00e9raire, circulation des \u0153uvres, mise en r\u00e9seau<\/li>\n<\/ul>\n\n\n\n<h2 class=\"wp-block-heading\">Actions principales<\/h2>\n\n\n\n<ul class=\"wp-block-list\">\n<li><strong>Dotation \/ m\u00e9diation<\/strong>\n<ul class=\"wp-block-list\">\n<li>Donation d\u2019ouvrages  de <strong>Jean M\u00e9tellus<\/strong> dans une logique de partage et de transmission.<\/li>\n<\/ul>\n<\/li>\n\n\n\n<li><strong>Rencontres &amp; r\u00e9seau \u201ccha\u00eene du livre\u201d<\/strong>\n<ul class=\"wp-block-list\">\n<li>\u00c9changes avec des acteurs culturels locaux (lieux de m\u00e9diation, librairie\/biblioth\u00e8que, \u00e9diteurs, futurs partenaires ?).<\/li>\n<\/ul>\n<\/li>\n\n\n\n<li><strong>\u00c9tapes rep\u00e8res<\/strong>\n<ul class=\"wp-block-list\">\n<li><strong>Allada<\/strong> : \u00e9changes institutionnels et ancrage local<\/li>\n\n\n\n<li><strong>Ouidah<\/strong> : rencontres et continuit\u00e9 m\u00e9morielle<\/li>\n\n\n\n<li><strong>Porto-Novo<\/strong> : temps fort au <strong>Centre de Cultures Akanga<\/strong> (librairie \/ biblioth\u00e8que), autour des dons et des perspectives de coop\u00e9ration.<\/li>\n<\/ul>\n<\/li>\n<\/ul>\n\n\n\n<h2 class=\"wp-block-heading\">Finalit\u00e9<\/h2>\n\n\n\n<p>Renforcer des <strong>ponts culturels concrets<\/strong> (donations, m\u00e9diation, partenariats), et inscrire la transmission dans la dur\u00e9e, au service d\u2019un espace francophone vivant et accessible.<\/p>\n\n\n\n<h2 class=\"wp-block-heading\">Pour aller plus loin<\/h2>\n\n\n\n<ul class=\"wp-block-list\">\n<li><strong>Sur les pages de l\u2019AAJM<\/strong> : <a href=\"https:\/\/jeanmetellus.com\/mission-de-transmission-benin-avril-2024\/\" data-type=\"link\" data-id=\"https:\/\/jeanmetellus.com\/mission-de-transmission-benin-avril-2024\/\" target=\"_blank\" rel=\"noreferrer noopener\">Mission de transmission \u2014 B\u00e9nin (avril 2024)<\/a><\/li>\n\n\n\n<li>Document presse locale (PDF) : \n<ul class=\"wp-block-list\">\n<li><a href=\"https:\/\/oliviermetellus.fr\/wp-content\/uploads\/2026\/03\/CentreCulturelPortoNovo.pdf\" target=\"_blank\" rel=\"noreferrer noopener\">Porto Novo<\/a> (centre culturel Akanga)<\/li>\n\n\n\n<li><a href=\"https:\/\/oliviermetellus.fr\/wp-content\/uploads\/2026\/03\/Audiences-au-Cabinet-du-Maire-dAllada-_-Olivier-METELLUS-\u2013-Le-Monde-Local.pdf\" target=\"_blank\" rel=\"noreferrer noopener\">Allada<\/a> (audiances \u00e0 la mairie et au pr\u00e8s du roi)<\/li>\n<\/ul>\n<\/li>\n\n\n\n<li>Le rapport (PDF)<\/li>\n<\/ul>\n<\/div>\n\n\n\n<p><\/p>\n","protected":false},"excerpt":{"rendered":"<p>Mission de transmission et de diplomatie culturelle men\u00e9e au B\u00e9nin (avril 2024), autour d\u2019une d\u00e9marche de dotation d\u2019ouvrages et de rencontres avec des acteurs de m\u00e9diation (biblioth\u00e8ques, centres culturels, partenaires). Fil rouge : m\u00e9moire \u2013 transmission \u2013 jeunesse, avec des \u00e9tapes \u00e0 Allada, Ouidah et Porto-Novo. Contexte Mission de transmission culturelle conduite au B\u00e9nin, avec [&hellip;]<\/p>\n","protected":false},"author":1,"featured_media":0,"comment_status":"open","ping_status":"open","sticky":false,"template":"","format":"standard","meta":{"footnotes":""},"categories":[5,44],"tags":[7,48,10,51,49,50,43,18],"class_list":["post-741","post","type-post","status-publish","format-standard","hentry","category-actualites","category-projets-realisations","tag-aajm","tag-diplomatie-culturelle","tag-francophonie","tag-maunick","tag-maurice","tag-patrimoine","tag-projet-realise","tag-transmission"],"_links":{"self":[{"href":"https:\/\/oliviermetellus.fr\/index.php\/wp-json\/wp\/v2\/posts\/741","targetHints":{"allow":["GET"]}}],"collection":[{"href":"https:\/\/oliviermetellus.fr\/index.php\/wp-json\/wp\/v2\/posts"}],"about":[{"href":"https:\/\/oliviermetellus.fr\/index.php\/wp-json\/wp\/v2\/types\/post"}],"author":[{"embeddable":true,"href":"https:\/\/oliviermetellus.fr\/index.php\/wp-json\/wp\/v2\/users\/1"}],"replies":[{"embeddable":true,"href":"https:\/\/oliviermetellus.fr\/index.php\/wp-json\/wp\/v2\/comments?post=741"}],"version-history":[{"count":10,"href":"https:\/\/oliviermetellus.fr\/index.php\/wp-json\/wp\/v2\/posts\/741\/revisions"}],"predecessor-version":[{"id":771,"href":"https:\/\/oliviermetellus.fr\/index.php\/wp-json\/wp\/v2\/posts\/741\/revisions\/771"}],"wp:attachment":[{"href":"https:\/\/oliviermetellus.fr\/index.php\/wp-json\/wp\/v2\/media?parent=741"}],"wp:term":[{"taxonomy":"category","embeddable":true,"href":"https:\/\/oliviermetellus.fr\/index.php\/wp-json\/wp\/v2\/categories?post=741"},{"taxonomy":"post_tag","embeddable":true,"href":"https:\/\/oliviermetellus.fr\/index.php\/wp-json\/wp\/v2\/tags?post=741"}],"curies":[{"name":"wp","href":"https:\/\/api.w.org\/{rel}","templated":true}]}}