{"id":755,"date":"2026-01-25T10:39:00","date_gmt":"2026-01-25T10:39:00","guid":{"rendered":"https:\/\/oliviermetellus.fr\/?p=755"},"modified":"2026-03-02T14:30:38","modified_gmt":"2026-03-02T14:30:38","slug":"dotation-aajm-visite-en-poesie-nuits-de-la-lecture","status":"publish","type":"post","link":"https:\/\/oliviermetellus.fr\/index.php\/2026\/01\/25\/dotation-aajm-visite-en-poesie-nuits-de-la-lecture\/","title":{"rendered":"Dotation AAJM &amp; \u201cVisite en po\u00e9sie\u201d (Nuits de la lecture)"},"content":{"rendered":"\n<div class=\"wp-block-group alignwide is-layout-flow wp-block-group-is-layout-flow\">\n<figure class=\"wp-block-image aligncenter size-large\"><img loading=\"lazy\" decoding=\"async\" width=\"1024\" height=\"287\" src=\"https:\/\/oliviermetellus.fr\/wp-content\/uploads\/2026\/02\/Equipe_MIDAN_202601-1024x287.jpg\" alt=\"\" class=\"wp-image-544\" srcset=\"https:\/\/oliviermetellus.fr\/wp-content\/uploads\/2026\/02\/Equipe_MIDAN_202601-1024x287.jpg 1024w, https:\/\/oliviermetellus.fr\/wp-content\/uploads\/2026\/02\/Equipe_MIDAN_202601-300x84.jpg 300w, https:\/\/oliviermetellus.fr\/wp-content\/uploads\/2026\/02\/Equipe_MIDAN_202601-768x215.jpg 768w, https:\/\/oliviermetellus.fr\/wp-content\/uploads\/2026\/02\/Equipe_MIDAN_202601-1536x430.jpg 1536w, https:\/\/oliviermetellus.fr\/wp-content\/uploads\/2026\/02\/Equipe_MIDAN_202601.jpg 2048w\" sizes=\"auto, (max-width: 1024px) 100vw, 1024px\" \/><figcaption class=\"wp-element-caption\">Jacques Fournier (H2V), Olivier M\u00e9tellus (AAJM), Martine Binet-Colas (Mairie de Vicq et MIDAN), Lou-Anne Blanchard (MIDAN, conservatrice)<\/figcaption><\/figure>\n\n\n\n<h2 class=\"wp-block-heading\">Contexte<\/h2>\n\n\n\n<p>Dans une logique de <strong>transmission<\/strong>, j\u2019ai r\u00e9alis\u00e9 au nom de l\u2019AAJM une <strong>dotation d\u2019ouvrages<\/strong> de Jean M\u00e9tellus au Mus\u00e9e International d\u2019Art Na\u00eff (MIDAN, Vicq).<br>Cette d\u00e9marche a nourri une dynamique locale : <strong>la biblioth\u00e8que du mus\u00e9e et la Ville de Vicq<\/strong> ont souhait\u00e9 \u201crendre l\u2019ascenseur\u201d en construisant un \u00e9v\u00e9nement associant \u0153uvres visuelles, lecture et m\u00e9diation.<\/p>\n\n\n\n<h2 class=\"wp-block-heading\">Rep\u00e8res<\/h2>\n\n\n\n<ul class=\"wp-block-list\">\n<li><strong>Lieu<\/strong> : MIDAN (Vicq, Yvelines)<\/li>\n\n\n\n<li><strong>P\u00e9riode<\/strong> : 2025\u20132026 (dotation puis \u00e9v\u00e9nement le 25 janvier 2026)<\/li>\n\n\n\n<li><strong>\u00c9v\u00e9nement<\/strong> : <em>\u201cVisite en po\u00e9sie\u201d<\/em> (Nuits de la lecture, janvier 2026)<\/li>\n\n\n\n<li><strong>Principe<\/strong> : dialogue entre <strong>art na\u00eff ha\u00eftien<\/strong> et <strong>textes de Jean M\u00e9tellus<\/strong><\/li>\n<\/ul>\n\n\n\n<h2 class=\"wp-block-heading\">Ce qui a \u00e9t\u00e9 rendu possible<\/h2>\n\n\n\n<ul class=\"wp-block-list\">\n<li><strong>Dotation<\/strong> : mise \u00e0 disposition d\u2019ouvrages pour la m\u00e9diation et la programmation culturelle du mus\u00e9e<\/li>\n\n\n\n<li><strong>Mise en relation \/ continuit\u00e9<\/strong> : passage d\u2019un geste de transmission \u00e0 une action culturelle structur\u00e9e<\/li>\n\n\n\n<li><strong>\u00c9v\u00e9nement<\/strong> : une soir\u00e9e ouverte, tourn\u00e9e vers un <strong>public \u00e9largi<\/strong>, au-del\u00e0 des cercles habituels<\/li>\n<\/ul>\n\n\n\n<h2 class=\"wp-block-heading\">Partenaires &amp; contribution artistique<\/h2>\n\n\n\n<ul class=\"wp-block-list\">\n<li><strong>Mus\u00e9e International D&rsquo;Art Na\u00eff<\/strong> (MIDAN &#8211; mus\u00e9e \/ conservation et m\u00e9diation)<\/li>\n\n\n\n<li><strong>AAJM<\/strong> (dotation, pr\u00e9sence, transmission)<\/li>\n\n\n\n<li><strong>Compagnie \u201c\u00c0 Hauteur 2 Voix\u201d<\/strong> : lecture des textes et <strong>interm\u00e8des musicaux<\/strong>, port\u00e9s par <strong>Jacques Fournier<\/strong> (lecture remarquable, choix musical tr\u00e8s juste)<\/li>\n<\/ul>\n\n\n\n<h2 class=\"wp-block-heading\">Finalit\u00e9<\/h2>\n\n\n\n<p>Faire circuler une \u0153uvre, <strong>ouvrir des portes<\/strong>, cr\u00e9er des <strong>ponts culturels concrets<\/strong> entre Ha\u00efti et la France : une transmission qui se vit, dans un lieu, devant un public, par la voix.<\/p>\n\n\n\n<h2 class=\"wp-block-heading\">Pour aller plus loin<\/h2>\n\n\n\n<ul class=\"wp-block-list\">\n<li><strong>Article (compte rendu)<\/strong> : <em>Visite en po\u00e9sie au MIDAN \u2014 art na\u00eff ha\u00eftien, la voix et la transmission<\/em> (sur les page de l&rsquo;AAJM)<\/li>\n\n\n\n<li><strong>Article (pour connaitre les MIDAN et son esprit)<\/strong> : <em>De Jacmel \u00e0 Vicq \u2014 l\u2019art na\u00eff en conversation\u2026<\/em> (sur les page de AAJM)<\/li>\n\n\n\n<li><strong>Lettre \/ annonce dotation (PDF)<\/strong> : (\u00e0 ajouter si tu veux lier ton PDF \u201cLettre_AAJM_MIDAN_Annonce_Dotationv1.pdf\u201d dans \u201cPour aller plus loin\u201d)<\/li>\n\n\n\n<li>Articles linkedin :\n<ul class=\"wp-block-list\">\n<li><a href=\"https:\/\/www.linkedin.com\/posts\/aajm-jeanmetellus-haiti-ugcPost-7421276576123613184-0Ydt?utm_source=share&amp;utm_medium=member_desktop&amp;rcm=ACoAAB1rRbkBBOhKItopdrjIIEc8Cn01a3Gmur8\" data-type=\"link\" data-id=\"https:\/\/www.linkedin.com\/posts\/aajm-jeanmetellus-haiti-ugcPost-7421276576123613184-0Ydt?utm_source=share&amp;utm_medium=member_desktop&amp;rcm=ACoAAB1rRbkBBOhKItopdrjIIEc8Cn01a3Gmur8\" target=\"_blank\" rel=\"noreferrer noopener\">mon post sur l&rsquo;\u00e9v\u00e9nement<\/a><\/li>\n\n\n\n<li><a href=\"https:\/\/www.linkedin.com\/posts\/retour-en-images-il-y-a-une-ugcPost-7424042964303208449-ZMCE?utm_source=share&amp;utm_medium=member_desktop&amp;rcm=ACoAAB1rRbkBBOhKItopdrjIIEc8Cn01a3Gmur8\" data-type=\"link\" data-id=\"https:\/\/www.linkedin.com\/posts\/retour-en-images-il-y-a-une-ugcPost-7424042964303208449-ZMCE?utm_source=share&amp;utm_medium=member_desktop&amp;rcm=ACoAAB1rRbkBBOhKItopdrjIIEc8Cn01a3Gmur8\" target=\"_blank\" rel=\"noreferrer noopener\">le post du mus\u00e9e<\/a><\/li>\n<\/ul>\n<\/li>\n<\/ul>\n<\/div>\n\n\n\n<p><\/p>\n","protected":false},"excerpt":{"rendered":"<p>Contexte Dans une logique de transmission, j\u2019ai r\u00e9alis\u00e9 au nom de l\u2019AAJM une dotation d\u2019ouvrages de Jean M\u00e9tellus au Mus\u00e9e International d\u2019Art Na\u00eff (MIDAN, Vicq).Cette d\u00e9marche a nourri une dynamique locale : la biblioth\u00e8que du mus\u00e9e et la Ville de Vicq ont souhait\u00e9 \u201crendre l\u2019ascenseur\u201d en construisant un \u00e9v\u00e9nement associant \u0153uvres visuelles, lecture et m\u00e9diation. [&hellip;]<\/p>\n","protected":false},"author":1,"featured_media":0,"comment_status":"closed","ping_status":"open","sticky":false,"template":"","format":"standard","meta":{"footnotes":""},"categories":[5,44],"tags":[43],"class_list":["post-755","post","type-post","status-publish","format-standard","hentry","category-actualites","category-projets-realisations","tag-projet-realise"],"_links":{"self":[{"href":"https:\/\/oliviermetellus.fr\/index.php\/wp-json\/wp\/v2\/posts\/755","targetHints":{"allow":["GET"]}}],"collection":[{"href":"https:\/\/oliviermetellus.fr\/index.php\/wp-json\/wp\/v2\/posts"}],"about":[{"href":"https:\/\/oliviermetellus.fr\/index.php\/wp-json\/wp\/v2\/types\/post"}],"author":[{"embeddable":true,"href":"https:\/\/oliviermetellus.fr\/index.php\/wp-json\/wp\/v2\/users\/1"}],"replies":[{"embeddable":true,"href":"https:\/\/oliviermetellus.fr\/index.php\/wp-json\/wp\/v2\/comments?post=755"}],"version-history":[{"count":5,"href":"https:\/\/oliviermetellus.fr\/index.php\/wp-json\/wp\/v2\/posts\/755\/revisions"}],"predecessor-version":[{"id":760,"href":"https:\/\/oliviermetellus.fr\/index.php\/wp-json\/wp\/v2\/posts\/755\/revisions\/760"}],"wp:attachment":[{"href":"https:\/\/oliviermetellus.fr\/index.php\/wp-json\/wp\/v2\/media?parent=755"}],"wp:term":[{"taxonomy":"category","embeddable":true,"href":"https:\/\/oliviermetellus.fr\/index.php\/wp-json\/wp\/v2\/categories?post=755"},{"taxonomy":"post_tag","embeddable":true,"href":"https:\/\/oliviermetellus.fr\/index.php\/wp-json\/wp\/v2\/tags?post=755"}],"curies":[{"name":"wp","href":"https:\/\/api.w.org\/{rel}","templated":true}]}}