{"id":761,"date":"2025-11-26T14:09:00","date_gmt":"2025-11-26T14:09:00","guid":{"rendered":"https:\/\/oliviermetellus.fr\/?p=761"},"modified":"2026-03-03T18:17:28","modified_gmt":"2026-03-03T18:17:28","slug":"la-nouvelle-pleiade-redonner-visibilite-et-aura-a-une-institution-poetique","status":"publish","type":"post","link":"https:\/\/oliviermetellus.fr\/index.php\/2025\/11\/26\/la-nouvelle-pleiade-redonner-visibilite-et-aura-a-une-institution-poetique\/","title":{"rendered":"La Nouvelle Pl\u00e9iade \u2014 redonner visibilit\u00e9 et aura \u00e0 une association po\u00e9tique"},"content":{"rendered":"\n<figure class=\"wp-block-image aligncenter size-large\"><img loading=\"lazy\" decoding=\"async\" width=\"1024\" height=\"390\" src=\"https:\/\/oliviermetellus.fr\/wp-content\/uploads\/2026\/02\/Fondation_26112025-1024x390.jpg\" alt=\"\" class=\"wp-image-550\" srcset=\"https:\/\/oliviermetellus.fr\/wp-content\/uploads\/2026\/02\/Fondation_26112025-1024x390.jpg 1024w, https:\/\/oliviermetellus.fr\/wp-content\/uploads\/2026\/02\/Fondation_26112025-300x114.jpg 300w, https:\/\/oliviermetellus.fr\/wp-content\/uploads\/2026\/02\/Fondation_26112025-768x293.jpg 768w, https:\/\/oliviermetellus.fr\/wp-content\/uploads\/2026\/02\/Fondation_26112025-1536x585.jpg 1536w, https:\/\/oliviermetellus.fr\/wp-content\/uploads\/2026\/02\/Fondation_26112025.jpg 2000w\" sizes=\"auto, (max-width: 1024px) 100vw, 1024px\" \/><figcaption class=\"wp-element-caption\">Philippe Pujas, J\u00e9r\u00f4me de Belsnce, Malick Diarra, Sylvestre Clancier &#8211; Le 26 novembre 2025<\/figcaption><\/figure>\n\n\n\n<div class=\"wp-block-group alignwide is-layout-flow wp-block-group-is-layout-flow\">\n<p>Depuis l\u2019AG du 26 novembre 2025, je participe \u00e0 la <strong>redynamisation<\/strong> de l\u2019association <em>La Nouvelle Pl\u00e9iade<\/em> en tant que secr\u00e9taire g\u00e9n\u00e9ral<br>L\u2019objectif est simple : <strong>reprendre le flambeau<\/strong> voulu par ses fondateurs, renforcer la visibilit\u00e9 de l\u2019association et remettre en lumi\u00e8re sa vocation : <strong>d\u00e9fendre et illustrer les langues vernaculaires<\/strong> et servir une francophonie exigeante, vivante, ouverte.<\/p>\n\n\n\n<blockquote class=\"wp-block-quote is-layout-flow wp-block-quote-is-layout-flow\">\n<p>Objet de l&rsquo;association : Reprendre le flambeau de la d\u00e9fense et de l\u2019illustration des langues vernaculaires que port\u00e8rent de fa\u00e7on exemplaire \u00e0 la renaissance les fondateurs de la pl\u00e9iade.<\/p>\n<\/blockquote>\n\n\n\n<p>Cette prise de fonction s\u2019inscrit dans un projet de relance : redonner visibilit\u00e9, coh\u00e9rence et rayonnement \u00e0 l\u2019association, dans l\u2019esprit de ses fondateurs.<\/p>\n\n\n\n<h2 class=\"wp-block-heading\">Contexte<\/h2>\n\n\n\n<ul class=\"wp-block-list\">\n<li><strong>Renouvellement du bureau<\/strong> et volont\u00e9 partag\u00e9e de relance (gouvernance, programme, visibilit\u00e9).<\/li>\n\n\n\n<li>Bureau : Malick Diarra (pr\u00e9sident, neveu de L\u00e9opold S\u00e9dar Senghor) ; J\u00e9r\u00f4me de Belsunce (tr\u00e9sorier) ; Olivier M\u00e9tellus (secr\u00e9taire g\u00e9n\u00e9ral)<\/li>\n\n\n\n<li>Une association porteuse d\u2019un h\u00e9ritage et d\u2019un prix reconnu (Grand Prix L\u00e9opold S\u00e9dar Senghor), qui appelle une pr\u00e9sence plus affirm\u00e9e dans le paysage culturel.<\/li>\n<\/ul>\n\n\n\n<h2 class=\"wp-block-heading\">Cap du projet<\/h2>\n\n\n\n<p><strong>Redonner \u00e0 La Nouvelle Pl\u00e9iade sa place naturelle<\/strong> : une maison d\u2019esprit, de langue et de transmission, fid\u00e8le \u00e0 ses ambitions fondatrices, et lisible pour les publics, auteurs, partenaires et m\u00e9dias.<\/p>\n\n\n\n<h2 class=\"wp-block-heading\">Axes de relance (ce que je porte \/ ce que nous conduisons)<\/h2>\n\n\n\n<h3 class=\"wp-block-heading\">1) Gouvernance et fonctionnement<\/h3>\n\n\n\n<ul class=\"wp-block-list\">\n<li>Clarifier les r\u00f4les, le calendrier, les priorit\u00e9s<\/li>\n\n\n\n<li>Mettre en place une m\u00e9thode simple : d\u00e9cisions, suivi, archives, rythme de travail<\/li>\n<\/ul>\n\n\n\n<h3 class=\"wp-block-heading\">2) Visibilit\u00e9 et pr\u00e9sence publique<\/h3>\n\n\n\n<ul class=\"wp-block-list\">\n<li>Valoriser via une pr\u00e9sence \u201cpropre\u201d (site \/ page vitrine \/ r\u00e9seaux)<\/li>\n\n\n\n<li>Cr\u00e9er une ligne \u00e9ditoriale pour annoncer, raconter et transmettre<\/li>\n<\/ul>\n\n\n\n<h3 class=\"wp-block-heading\">3) Valorisation du prix et de l\u2019h\u00e9ritage<\/h3>\n\n\n\n<ul class=\"wp-block-list\">\n<li>Rendre le prix <strong>plus lisible<\/strong> : histoire, laur\u00e9ats, mentions, jury, calendrier<\/li>\n\n\n\n<li>Mettre en valeur les grandes figures d\u00e9j\u00e0 distingu\u00e9es (laur\u00e9ats et mentions), comme rep\u00e8res de continuit\u00e9<\/li>\n<\/ul>\n\n\n\n<h3 class=\"wp-block-heading\">4) Partenariats et programmation<\/h3>\n\n\n\n<ul class=\"wp-block-list\">\n<li>Reconstituer un r\u00e9seau de lieux, revues, librairies, biblioth\u00e8ques et institutions concern\u00e9es<\/li>\n\n\n\n<li>Pr\u00e9parer des formats sobres : rencontres, lectures, communications, mises en avant de textes<\/li>\n<\/ul>\n\n\n\n<h2 class=\"wp-block-heading\">Mon r\u00f4le<\/h2>\n\n\n\n<p><strong>Secr\u00e9taire g\u00e9n\u00e9ral<\/strong> : organisation, coordination, continuit\u00e9.<br>Concr\u00e8tement : pr\u00e9paration des r\u00e9unions, structuration des supports, mise en ordre des informations, appui \u00e0 la communication et mise en relation selon les besoins.<\/p>\n\n\n\n<h2 class=\"wp-block-heading\">Premiers jalons r\u00e9alis\u00e9s<\/h2>\n\n\n\n<ul class=\"wp-block-list\">\n<li>Bureau renouvel\u00e9 <\/li>\n\n\n\n<li>Choix d\u2019une pr\u00e9sence plus visible (supports, publications, rythme)<\/li>\n\n\n\n<li>Mise en chantier d\u2019un dossier \u201cPrix Senghor \/ La Nouvelle Pl\u00e9iade\u201d (rep\u00e8res + laur\u00e9ats + mentions)<\/li>\n<\/ul>\n\n\n\n<h2 class=\"wp-block-heading\">Pour aller plus loin <\/h2>\n\n\n\n<ul class=\"wp-block-list\">\n<li>Sur ce site : <strong>Culture &amp; transmission<\/strong><\/li>\n<\/ul>\n<\/div>\n\n\n\n<p><\/p>\n","protected":false},"excerpt":{"rendered":"<p>Depuis l\u2019AG du 26 novembre 2025, je participe \u00e0 la redynamisation de l\u2019association La Nouvelle Pl\u00e9iade en tant que secr\u00e9taire g\u00e9n\u00e9ralL\u2019objectif est simple : reprendre le flambeau voulu par ses fondateurs, renforcer la visibilit\u00e9 de l\u2019association et remettre en lumi\u00e8re sa vocation : d\u00e9fendre et illustrer les langues vernaculaires et servir une francophonie exigeante, vivante, [&hellip;]<\/p>\n","protected":false},"author":1,"featured_media":0,"comment_status":"closed","ping_status":"open","sticky":false,"template":"","format":"standard","meta":{"footnotes":""},"categories":[5,44],"tags":[10,56,53,54,19,55,22,21,42,57,18],"class_list":["post-761","post","type-post","status-publish","format-standard","hentry","category-actualites","category-projets-realisations","tag-francophonie","tag-gouvernance-associative","tag-grand-prix-senghor","tag-langues-vernaculaires","tag-nouvelle-pleiade","tag-patrimoine-litteraire","tag-poesie","tag-prix-senghor","tag-projet-en-cours","tag-reseaux-culturels","tag-transmission"],"_links":{"self":[{"href":"https:\/\/oliviermetellus.fr\/index.php\/wp-json\/wp\/v2\/posts\/761","targetHints":{"allow":["GET"]}}],"collection":[{"href":"https:\/\/oliviermetellus.fr\/index.php\/wp-json\/wp\/v2\/posts"}],"about":[{"href":"https:\/\/oliviermetellus.fr\/index.php\/wp-json\/wp\/v2\/types\/post"}],"author":[{"embeddable":true,"href":"https:\/\/oliviermetellus.fr\/index.php\/wp-json\/wp\/v2\/users\/1"}],"replies":[{"embeddable":true,"href":"https:\/\/oliviermetellus.fr\/index.php\/wp-json\/wp\/v2\/comments?post=761"}],"version-history":[{"count":8,"href":"https:\/\/oliviermetellus.fr\/index.php\/wp-json\/wp\/v2\/posts\/761\/revisions"}],"predecessor-version":[{"id":859,"href":"https:\/\/oliviermetellus.fr\/index.php\/wp-json\/wp\/v2\/posts\/761\/revisions\/859"}],"wp:attachment":[{"href":"https:\/\/oliviermetellus.fr\/index.php\/wp-json\/wp\/v2\/media?parent=761"}],"wp:term":[{"taxonomy":"category","embeddable":true,"href":"https:\/\/oliviermetellus.fr\/index.php\/wp-json\/wp\/v2\/categories?post=761"},{"taxonomy":"post_tag","embeddable":true,"href":"https:\/\/oliviermetellus.fr\/index.php\/wp-json\/wp\/v2\/tags?post=761"}],"curies":[{"name":"wp","href":"https:\/\/api.w.org\/{rel}","templated":true}]}}