{"id":979,"date":"2026-02-14T09:26:21","date_gmt":"2026-02-14T09:26:21","guid":{"rendered":"https:\/\/oliviermetellus.fr\/?p=979"},"modified":"2026-03-06T09:54:43","modified_gmt":"2026-03-06T09:54:43","slug":"quand-jacmel-porte-sa-voix-jusqua-la-seine-musicale","status":"publish","type":"post","link":"https:\/\/oliviermetellus.fr\/index.php\/2026\/02\/14\/quand-jacmel-porte-sa-voix-jusqua-la-seine-musicale\/","title":{"rendered":"Quand Jacmel porte sa voix jusqu&rsquo;\u00e0 la Seine musicale"},"content":{"rendered":"\n<div style=\"height:100px\" aria-hidden=\"true\" class=\"wp-block-spacer\"><\/div>\n\n\n\n<figure class=\"wp-block-image aligncenter size-medium\"><img loading=\"lazy\" decoding=\"async\" width=\"240\" height=\"300\" src=\"https:\/\/oliviermetellus.fr\/wp-content\/uploads\/2026\/02\/Elonquentia_Jacmel-240x300.jpg\" alt=\"\" class=\"wp-image-444\" srcset=\"https:\/\/oliviermetellus.fr\/wp-content\/uploads\/2026\/02\/Elonquentia_Jacmel-240x300.jpg 240w, https:\/\/oliviermetellus.fr\/wp-content\/uploads\/2026\/02\/Elonquentia_Jacmel-819x1024.jpg 819w, https:\/\/oliviermetellus.fr\/wp-content\/uploads\/2026\/02\/Elonquentia_Jacmel-768x960.jpg 768w, https:\/\/oliviermetellus.fr\/wp-content\/uploads\/2026\/02\/Elonquentia_Jacmel-1229x1536.jpg 1229w, https:\/\/oliviermetellus.fr\/wp-content\/uploads\/2026\/02\/Elonquentia_Jacmel.jpg 1280w\" sizes=\"auto, (max-width: 240px) 100vw, 240px\" \/><\/figure>\n\n\n\n<p>Je relaie, parce qu\u2019une voix venue de Jacmel peut rassembler bien au-del\u00e0 d&rsquo;Ha\u00efti.<br><strong>Abiga\u00efl Alexandre <\/strong>(<strong>laur\u00e9ate Eloquentia Jacmel 2025<\/strong>) est en <strong>finale internationale le 25 mars 2026 \u00e0 La Seine Musicale \u00e0 Paris<\/strong>.<br><\/p>\n\n\n\n<figure class=\"wp-block-gallery has-nested-images columns-4 wp-block-gallery-1 is-layout-flex wp-block-gallery-is-layout-flex\">\n<figure class=\"wp-block-image size-full\"><img loading=\"lazy\" decoding=\"async\" width=\"1080\" height=\"1350\" data-id=\"384\" src=\"https:\/\/oliviermetellus.fr\/wp-content\/uploads\/2026\/02\/Entretien_Wagens_JeanLouis_LinkedIn_v2.png\" alt=\"\" class=\"wp-image-384\" srcset=\"https:\/\/oliviermetellus.fr\/wp-content\/uploads\/2026\/02\/Entretien_Wagens_JeanLouis_LinkedIn_v2.png 1080w, https:\/\/oliviermetellus.fr\/wp-content\/uploads\/2026\/02\/Entretien_Wagens_JeanLouis_LinkedIn_v2-240x300.png 240w, https:\/\/oliviermetellus.fr\/wp-content\/uploads\/2026\/02\/Entretien_Wagens_JeanLouis_LinkedIn_v2-819x1024.png 819w, https:\/\/oliviermetellus.fr\/wp-content\/uploads\/2026\/02\/Entretien_Wagens_JeanLouis_LinkedIn_v2-768x960.png 768w\" sizes=\"auto, (max-width: 1080px) 100vw, 1080px\" \/><\/figure>\n\n\n\n<figure class=\"wp-block-image size-full\"><img loading=\"lazy\" decoding=\"async\" width=\"1280\" height=\"1600\" data-id=\"444\" src=\"https:\/\/oliviermetellus.fr\/wp-content\/uploads\/2026\/02\/Elonquentia_Jacmel.jpg\" alt=\"\" class=\"wp-image-444\" srcset=\"https:\/\/oliviermetellus.fr\/wp-content\/uploads\/2026\/02\/Elonquentia_Jacmel.jpg 1280w, https:\/\/oliviermetellus.fr\/wp-content\/uploads\/2026\/02\/Elonquentia_Jacmel-240x300.jpg 240w, https:\/\/oliviermetellus.fr\/wp-content\/uploads\/2026\/02\/Elonquentia_Jacmel-819x1024.jpg 819w, https:\/\/oliviermetellus.fr\/wp-content\/uploads\/2026\/02\/Elonquentia_Jacmel-768x960.jpg 768w, https:\/\/oliviermetellus.fr\/wp-content\/uploads\/2026\/02\/Elonquentia_Jacmel-1229x1536.jpg 1229w\" sizes=\"auto, (max-width: 1280px) 100vw, 1280px\" \/><\/figure>\n<\/figure>\n\n\n\n<div style=\"height:100px\" aria-hidden=\"true\" class=\"wp-block-spacer\"><\/div>\n\n\n\n<div class=\"wp-block-group is-layout-flow wp-block-group-is-layout-flow\">\n<div class=\"wp-block-buttons is-content-justification-center is-layout-flex wp-container-core-buttons-is-layout-a89b3969 wp-block-buttons-is-layout-flex\">\n<div class=\"wp-block-button is-style-fill\"><a class=\"wp-block-button__link has-custom-blanc-color has-custom-bleu-accent-cta-background-color has-text-color has-background has-link-color wp-element-button\" href=\"https:\/\/oliviermetellus.fr\/wp-content\/uploads\/2026\/03\/Article_LinkedInAA.png\" target=\"_blank\" rel=\"noreferrer noopener\">Capture du post (LinkedIn)<\/a><\/div>\n\n\n\n<div class=\"wp-block-button is-style-fill\"><a class=\"wp-block-button__link has-custom-blanc-color has-custom-bleu-accent-cta-background-color has-text-color has-background has-link-color wp-element-button\" href=\"https:\/\/www.linkedin.com\/posts\/ometellus_abiga%C3%AFl-alexandre-est-en-finale-internationale-activity-7430515690098294784-va7a?utm_source=share&amp;utm_medium=member_desktop&amp;rcm=ACoAAB1rRbkBBOhKItopdrjIIEc8Cn01a3Gmur8\" target=\"_blank\" rel=\"noreferrer noopener\">Voir sur linkedin<\/a><\/div>\n<\/div>\n<\/div>\n","protected":false},"excerpt":{"rendered":"<p>Je relaie, parce qu\u2019une voix venue de Jacmel peut rassembler bien au-del\u00e0 d&rsquo;Ha\u00efti.<br \/>\nAbiga\u00efl Alexandre (laur\u00e9ate Eloquentia Jacmel 2025) est en finale internationale le 25 mars 2026 \u00e0 La Seine Musicale \u00e0 Paris.<\/p>\n","protected":false},"author":1,"featured_media":384,"comment_status":"closed","ping_status":"open","sticky":false,"template":"","format":"standard","meta":{"footnotes":""},"categories":[59],"tags":[],"class_list":["post-979","post","type-post","status-publish","format-standard","has-post-thumbnail","hentry","category-presences-dialogues"],"_links":{"self":[{"href":"https:\/\/oliviermetellus.fr\/index.php\/wp-json\/wp\/v2\/posts\/979","targetHints":{"allow":["GET"]}}],"collection":[{"href":"https:\/\/oliviermetellus.fr\/index.php\/wp-json\/wp\/v2\/posts"}],"about":[{"href":"https:\/\/oliviermetellus.fr\/index.php\/wp-json\/wp\/v2\/types\/post"}],"author":[{"embeddable":true,"href":"https:\/\/oliviermetellus.fr\/index.php\/wp-json\/wp\/v2\/users\/1"}],"replies":[{"embeddable":true,"href":"https:\/\/oliviermetellus.fr\/index.php\/wp-json\/wp\/v2\/comments?post=979"}],"version-history":[{"count":2,"href":"https:\/\/oliviermetellus.fr\/index.php\/wp-json\/wp\/v2\/posts\/979\/revisions"}],"predecessor-version":[{"id":982,"href":"https:\/\/oliviermetellus.fr\/index.php\/wp-json\/wp\/v2\/posts\/979\/revisions\/982"}],"wp:featuredmedia":[{"embeddable":true,"href":"https:\/\/oliviermetellus.fr\/index.php\/wp-json\/wp\/v2\/media\/384"}],"wp:attachment":[{"href":"https:\/\/oliviermetellus.fr\/index.php\/wp-json\/wp\/v2\/media?parent=979"}],"wp:term":[{"taxonomy":"category","embeddable":true,"href":"https:\/\/oliviermetellus.fr\/index.php\/wp-json\/wp\/v2\/categories?post=979"},{"taxonomy":"post_tag","embeddable":true,"href":"https:\/\/oliviermetellus.fr\/index.php\/wp-json\/wp\/v2\/tags?post=979"}],"curies":[{"name":"wp","href":"https:\/\/api.w.org\/{rel}","templated":true}]}}